{"id":11178,"date":"2018-06-14T08:08:52","date_gmt":"2018-06-14T06:08:52","guid":{"rendered":"http:\/\/www.mixcarteles.com\/cartelesmix\/?p=11178"},"modified":"2018-06-14T09:38:09","modified_gmt":"2018-06-14T07:38:09","slug":"snow-cake-snow-cake-snowcake-2006","status":"publish","type":"post","link":"https:\/\/cartelesmix.es\/cartelesdecine\/?p=11178","title":{"rendered":"Declaraci\u00f3n de guerra (La guerre est d\u00e9clar\u00e9e) (2011)"},"content":{"rendered":"<p>Pa\u00eds: Francia\u00a0\u00a0 \/\u00a0\u00a0 G\u00e9nero: Drama. Romance | Familia. Enfermedad<br \/>\nDirecci\u00f3n: Val\u00e9rie Donzelli<br \/>\nGuion: Val\u00e9rie Donzelli, J\u00e9r\u00e9mie Elka\u00efm<br \/>\nM\u00fasica: Pascal Mayer<br \/>\nFotograf\u00eda: S\u00e9bastien Buchmann<br \/>\nReparto: Val\u00e9rie Donzelli, J\u00e9r\u00e9mie Elka\u00efm, Gabriel Elka\u00efm, C\u00e9sar Desseix, Brigitte Sy, Elina L\u00f6wensohn, Mich\u00e8le Moretti, Phillipe Laudenbach, Bastien Bouillon, B\u00e9atrice de Sta\u00ebl, Anne Le Ny, Fr\u00e9d\u00e9ric Pierrot<br \/>\nProductora: Wild Bunch Distribution \/ Rectangle Productions<\/p>\n<p>Sinopsis:<br \/>\nRomeo y Julieta se conocen una noche en un bar, y se enamoran. Las cosas van rodadas para ellos, que pronto empiezan a vivir juntos y tienen su primer hijo: Ad\u00e1n. Una vida llena de amor y de alegr\u00eda, que frena en seco el d\u00eda en el que a Ad\u00e1n, con apenas dos a\u00f1os, le diagnostican un c\u00e1ncer. Todo un retrato de esa guerra contra el c\u00e1ncer, desde la desesperaci\u00f3n, la ira y las alegr\u00edas derivadas de las peque\u00f1as victorias, abordada con sentido del humor y frenes\u00ed. Un compendio de diferentes reacciones y estados de \u00e1nimo humanos, exorcismos que desmitifican la enfermedad, sin escamotear la dureza de la dedicaci\u00f3n casi exclusiva que demanda. Y, como toda guerra que se precie, la de esta historia tambi\u00e9n habr\u00e1 de dejar ruinas al terminar.<br \/>\nPremios:<br \/>\n2011: Premios Cesar: 6 nominaciones, incluyendo mejor pel\u00edcula y director<br \/>\n2011: Festival de Gij\u00f3n: Mejor pel\u00edcula (ex-aequo), actriz (Donzelli) y actor (Elka\u00efm)<\/p>\n<p><a href=\"http:\/\/cartelesmix.es\/cartelesdecine\/wp-content\/uploads\/2018\/06\/declaraciondeguerra11001.jpg\" target=\"_blank\" rel=\"noopener\"><img loading=\"lazy\" decoding=\"async\" class=\"alignnone wp-image-164037 size-medium\" src=\"http:\/\/cartelesmix.es\/cartelesdecine\/wp-content\/uploads\/2018\/06\/declaraciondeguerra11001-170x240.jpg\" alt=\"\" width=\"170\" height=\"240\" srcset=\"https:\/\/cartelesmix.es\/cartelesdecine\/wp-content\/uploads\/2018\/06\/declaraciondeguerra11001-170x240.jpg 170w, https:\/\/cartelesmix.es\/cartelesdecine\/wp-content\/uploads\/2018\/06\/declaraciondeguerra11001-768x1086.jpg 768w\" sizes=\"auto, (max-width: 170px) 100vw, 170px\" \/><\/a> <a href=\"http:\/\/cartelesmix.es\/cartelesdecine\/wp-content\/uploads\/2018\/06\/declaraciondeguerra11002.jpg\" target=\"_blank\" rel=\"noopener\"><img loading=\"lazy\" decoding=\"async\" class=\"alignnone wp-image-164038 size-medium\" src=\"http:\/\/cartelesmix.es\/cartelesdecine\/wp-content\/uploads\/2018\/06\/declaraciondeguerra11002-168x240.jpg\" alt=\"\" width=\"168\" height=\"240\" srcset=\"https:\/\/cartelesmix.es\/cartelesdecine\/wp-content\/uploads\/2018\/06\/declaraciondeguerra11002-168x240.jpg 168w, https:\/\/cartelesmix.es\/cartelesdecine\/wp-content\/uploads\/2018\/06\/declaraciondeguerra11002-768x1097.jpg 768w\" sizes=\"auto, (max-width: 168px) 100vw, 168px\" \/><\/a> <a href=\"http:\/\/cartelesmix.es\/cartelesdecine\/wp-content\/uploads\/2018\/06\/declaraciondeguerra11003.jpg\" target=\"_blank\" rel=\"noopener\"><img loading=\"lazy\" decoding=\"async\" class=\"alignnone wp-image-164039 size-medium\" src=\"http:\/\/cartelesmix.es\/cartelesdecine\/wp-content\/uploads\/2018\/06\/declaraciondeguerra11003-162x240.jpg\" alt=\"\" width=\"162\" height=\"240\" srcset=\"https:\/\/cartelesmix.es\/cartelesdecine\/wp-content\/uploads\/2018\/06\/declaraciondeguerra11003-162x240.jpg 162w, https:\/\/cartelesmix.es\/cartelesdecine\/wp-content\/uploads\/2018\/06\/declaraciondeguerra11003-768x1138.jpg 768w\" sizes=\"auto, (max-width: 162px) 100vw, 162px\" \/><\/a> <a href=\"http:\/\/cartelesmix.es\/cartelesdecine\/wp-content\/uploads\/2018\/06\/declaraciondeguerra11004.jpg\" target=\"_blank\" rel=\"noopener\"><img loading=\"lazy\" decoding=\"async\" class=\"alignnone wp-image-164040 size-medium\" src=\"http:\/\/cartelesmix.es\/cartelesdecine\/wp-content\/uploads\/2018\/06\/declaraciondeguerra11004-178x240.jpg\" alt=\"\" width=\"178\" height=\"240\" srcset=\"https:\/\/cartelesmix.es\/cartelesdecine\/wp-content\/uploads\/2018\/06\/declaraciondeguerra11004-178x240.jpg 178w, https:\/\/cartelesmix.es\/cartelesdecine\/wp-content\/uploads\/2018\/06\/declaraciondeguerra11004-768x1034.jpg 768w\" sizes=\"auto, (max-width: 178px) 100vw, 178px\" \/><\/a> <a href=\"http:\/\/cartelesmix.es\/cartelesdecine\/wp-content\/uploads\/2018\/06\/declaraciondeguerra11007.jpg\" target=\"_blank\" rel=\"noopener\"><img loading=\"lazy\" decoding=\"async\" class=\"alignnone wp-image-164041 size-medium\" src=\"http:\/\/cartelesmix.es\/cartelesdecine\/wp-content\/uploads\/2018\/06\/declaraciondeguerra11007-162x240.jpg\" alt=\"\" width=\"162\" height=\"240\" srcset=\"https:\/\/cartelesmix.es\/cartelesdecine\/wp-content\/uploads\/2018\/06\/declaraciondeguerra11007-162x240.jpg 162w, https:\/\/cartelesmix.es\/cartelesdecine\/wp-content\/uploads\/2018\/06\/declaraciondeguerra11007-768x1138.jpg 768w\" sizes=\"auto, (max-width: 162px) 100vw, 162px\" \/><\/a> <a href=\"http:\/\/cartelesmix.es\/cartelesdecine\/wp-content\/uploads\/2018\/06\/declaraciondeguerra11008.jpg\" target=\"_blank\" rel=\"noopener\"><img loading=\"lazy\" decoding=\"async\" class=\"alignnone wp-image-164042 size-medium\" src=\"http:\/\/cartelesmix.es\/cartelesdecine\/wp-content\/uploads\/2018\/06\/declaraciondeguerra11008-162x240.jpg\" alt=\"\" width=\"162\" height=\"240\" srcset=\"https:\/\/cartelesmix.es\/cartelesdecine\/wp-content\/uploads\/2018\/06\/declaraciondeguerra11008-162x240.jpg 162w, https:\/\/cartelesmix.es\/cartelesdecine\/wp-content\/uploads\/2018\/06\/declaraciondeguerra11008-768x1135.jpg 768w, https:\/\/cartelesmix.es\/cartelesdecine\/wp-content\/uploads\/2018\/06\/declaraciondeguerra11008.jpg 1386w\" sizes=\"auto, (max-width: 162px) 100vw, 162px\" \/><\/a> <a href=\"http:\/\/cartelesmix.es\/cartelesdecine\/wp-content\/uploads\/2018\/06\/declaraciondeguerra11009.jpg\" target=\"_blank\" rel=\"noopener\"><img loading=\"lazy\" decoding=\"async\" class=\"alignnone wp-image-164043 size-medium\" src=\"http:\/\/cartelesmix.es\/cartelesdecine\/wp-content\/uploads\/2018\/06\/declaraciondeguerra11009-170x240.jpg\" alt=\"\" width=\"170\" height=\"240\" srcset=\"https:\/\/cartelesmix.es\/cartelesdecine\/wp-content\/uploads\/2018\/06\/declaraciondeguerra11009-170x240.jpg 170w, https:\/\/cartelesmix.es\/cartelesdecine\/wp-content\/uploads\/2018\/06\/declaraciondeguerra11009-768x1086.jpg 768w, https:\/\/cartelesmix.es\/cartelesdecine\/wp-content\/uploads\/2018\/06\/declaraciondeguerra11009.jpg 1240w\" sizes=\"auto, (max-width: 170px) 100vw, 170px\" \/><\/a> <a href=\"http:\/\/cartelesmix.es\/cartelesdecine\/wp-content\/uploads\/2018\/06\/declaraciondeguerra11010.jpg\" target=\"_blank\" rel=\"noopener\"><img loading=\"lazy\" decoding=\"async\" class=\"alignnone wp-image-164044 size-medium\" src=\"http:\/\/cartelesmix.es\/cartelesdecine\/wp-content\/uploads\/2018\/06\/declaraciondeguerra11010-168x240.jpg\" alt=\"\" width=\"168\" height=\"240\" srcset=\"https:\/\/cartelesmix.es\/cartelesdecine\/wp-content\/uploads\/2018\/06\/declaraciondeguerra11010-168x240.jpg 168w, https:\/\/cartelesmix.es\/cartelesdecine\/wp-content\/uploads\/2018\/06\/declaraciondeguerra11010-768x1097.jpg 768w, https:\/\/cartelesmix.es\/cartelesdecine\/wp-content\/uploads\/2018\/06\/declaraciondeguerra11010.jpg 1181w\" sizes=\"auto, (max-width: 168px) 100vw, 168px\" \/><\/a> <a href=\"http:\/\/cartelesmix.es\/cartelesdecine\/wp-content\/uploads\/2018\/06\/declaraciondeguerra11011.jpg\" target=\"_blank\" rel=\"noopener\"><img loading=\"lazy\" decoding=\"async\" class=\"alignnone wp-image-164045 size-medium\" src=\"http:\/\/cartelesmix.es\/cartelesdecine\/wp-content\/uploads\/2018\/06\/declaraciondeguerra11011-170x240.jpg\" alt=\"\" width=\"170\" height=\"240\" srcset=\"https:\/\/cartelesmix.es\/cartelesdecine\/wp-content\/uploads\/2018\/06\/declaraciondeguerra11011-170x240.jpg 170w, https:\/\/cartelesmix.es\/cartelesdecine\/wp-content\/uploads\/2018\/06\/declaraciondeguerra11011-768x1086.jpg 768w\" sizes=\"auto, (max-width: 170px) 100vw, 170px\" \/><\/a> <a href=\"http:\/\/cartelesmix.es\/cartelesdecine\/wp-content\/uploads\/2018\/06\/declaraciondeguerra11012.jpg\" target=\"_blank\" rel=\"noopener\"><img loading=\"lazy\" decoding=\"async\" class=\"alignnone wp-image-164046 size-medium\" src=\"http:\/\/cartelesmix.es\/cartelesdecine\/wp-content\/uploads\/2018\/06\/declaraciondeguerra11012-166x240.jpg\" alt=\"\" width=\"166\" height=\"240\" srcset=\"https:\/\/cartelesmix.es\/cartelesdecine\/wp-content\/uploads\/2018\/06\/declaraciondeguerra11012-166x240.jpg 166w, https:\/\/cartelesmix.es\/cartelesdecine\/wp-content\/uploads\/2018\/06\/declaraciondeguerra11012-768x1112.jpg 768w, https:\/\/cartelesmix.es\/cartelesdecine\/wp-content\/uploads\/2018\/06\/declaraciondeguerra11012.jpg 1211w\" sizes=\"auto, (max-width: 166px) 100vw, 166px\" \/><\/a> <a href=\"http:\/\/cartelesmix.es\/cartelesdecine\/wp-content\/uploads\/2018\/06\/declaraciondeguerra11013.jpg\" target=\"_blank\" rel=\"noopener\"><img loading=\"lazy\" decoding=\"async\" class=\"alignnone wp-image-164047 size-medium\" src=\"http:\/\/cartelesmix.es\/cartelesdecine\/wp-content\/uploads\/2018\/06\/declaraciondeguerra11013-167x240.jpg\" alt=\"\" width=\"167\" height=\"240\" srcset=\"https:\/\/cartelesmix.es\/cartelesdecine\/wp-content\/uploads\/2018\/06\/declaraciondeguerra11013-167x240.jpg 167w, https:\/\/cartelesmix.es\/cartelesdecine\/wp-content\/uploads\/2018\/06\/declaraciondeguerra11013-768x1107.jpg 768w, https:\/\/cartelesmix.es\/cartelesdecine\/wp-content\/uploads\/2018\/06\/declaraciondeguerra11013.jpg 1928w\" sizes=\"auto, (max-width: 167px) 100vw, 167px\" \/><\/a> <a href=\"http:\/\/cartelesmix.es\/cartelesdecine\/wp-content\/uploads\/2018\/06\/declaraciondeguerra11014.jpg\" target=\"_blank\" rel=\"noopener\"><img loading=\"lazy\" decoding=\"async\" class=\"alignnone wp-image-164048 size-medium\" src=\"http:\/\/cartelesmix.es\/cartelesdecine\/wp-content\/uploads\/2018\/06\/declaraciondeguerra11014-168x240.jpg\" alt=\"\" width=\"168\" height=\"240\" srcset=\"https:\/\/cartelesmix.es\/cartelesdecine\/wp-content\/uploads\/2018\/06\/declaraciondeguerra11014-168x240.jpg 168w, https:\/\/cartelesmix.es\/cartelesdecine\/wp-content\/uploads\/2018\/06\/declaraciondeguerra11014-768x1097.jpg 768w\" sizes=\"auto, (max-width: 168px) 100vw, 168px\" \/><\/a> <a href=\"http:\/\/cartelesmix.es\/cartelesdecine\/wp-content\/uploads\/2018\/06\/declaraciondeguerra11015.jpg\" target=\"_blank\" rel=\"noopener\"><img loading=\"lazy\" decoding=\"async\" class=\"alignnone wp-image-164049 size-medium\" src=\"http:\/\/cartelesmix.es\/cartelesdecine\/wp-content\/uploads\/2018\/06\/declaraciondeguerra11015-155x240.jpg\" alt=\"\" width=\"155\" height=\"240\" srcset=\"https:\/\/cartelesmix.es\/cartelesdecine\/wp-content\/uploads\/2018\/06\/declaraciondeguerra11015-155x240.jpg 155w, https:\/\/cartelesmix.es\/cartelesdecine\/wp-content\/uploads\/2018\/06\/declaraciondeguerra11015-768x1185.jpg 768w\" sizes=\"auto, (max-width: 155px) 100vw, 155px\" \/><\/a> <a href=\"http:\/\/cartelesmix.es\/cartelesdecine\/wp-content\/uploads\/2018\/06\/declaraciondeguerra11016.jpg\" target=\"_blank\" rel=\"noopener\"><img loading=\"lazy\" decoding=\"async\" class=\"alignnone wp-image-164050 size-medium\" src=\"http:\/\/cartelesmix.es\/cartelesdecine\/wp-content\/uploads\/2018\/06\/declaraciondeguerra11016-168x240.jpg\" alt=\"\" width=\"168\" height=\"240\" srcset=\"https:\/\/cartelesmix.es\/cartelesdecine\/wp-content\/uploads\/2018\/06\/declaraciondeguerra11016-168x240.jpg 168w, https:\/\/cartelesmix.es\/cartelesdecine\/wp-content\/uploads\/2018\/06\/declaraciondeguerra11016-768x1095.jpg 768w, https:\/\/cartelesmix.es\/cartelesdecine\/wp-content\/uploads\/2018\/06\/declaraciondeguerra11016.jpg 992w\" sizes=\"auto, (max-width: 168px) 100vw, 168px\" \/><\/a> <a href=\"http:\/\/cartelesmix.es\/cartelesdecine\/wp-content\/uploads\/2018\/06\/declaraciondeguerra11017.jpg\" target=\"_blank\" rel=\"noopener\"><img loading=\"lazy\" decoding=\"async\" class=\"alignnone wp-image-164051 size-medium\" src=\"http:\/\/cartelesmix.es\/cartelesdecine\/wp-content\/uploads\/2018\/06\/declaraciondeguerra11017-169x240.jpg\" alt=\"\" width=\"169\" height=\"240\" srcset=\"https:\/\/cartelesmix.es\/cartelesdecine\/wp-content\/uploads\/2018\/06\/declaraciondeguerra11017-169x240.jpg 169w, https:\/\/cartelesmix.es\/cartelesdecine\/wp-content\/uploads\/2018\/06\/declaraciondeguerra11017-768x1091.jpg 768w, https:\/\/cartelesmix.es\/cartelesdecine\/wp-content\/uploads\/2018\/06\/declaraciondeguerra11017.jpg 1000w\" sizes=\"auto, (max-width: 169px) 100vw, 169px\" \/><\/a> <a href=\"http:\/\/cartelesmix.es\/cartelesdecine\/wp-content\/uploads\/2018\/06\/declaraciondeguerra11018.jpg\" target=\"_blank\" rel=\"noopener\"><img loading=\"lazy\" decoding=\"async\" class=\"alignnone wp-image-164052 size-medium\" src=\"http:\/\/cartelesmix.es\/cartelesdecine\/wp-content\/uploads\/2018\/06\/declaraciondeguerra11018-168x240.jpg\" alt=\"\" width=\"168\" height=\"240\" srcset=\"https:\/\/cartelesmix.es\/cartelesdecine\/wp-content\/uploads\/2018\/06\/declaraciondeguerra11018-168x240.jpg 168w, https:\/\/cartelesmix.es\/cartelesdecine\/wp-content\/uploads\/2018\/06\/declaraciondeguerra11018-768x1095.jpg 768w\" sizes=\"auto, (max-width: 168px) 100vw, 168px\" \/><\/a><\/p>\n","protected":false},"excerpt":{"rendered":"<p>Pa\u00eds: Francia\u00a0\u00a0 \/\u00a0\u00a0 G\u00e9nero: Drama. Romance | Familia. Enfermedad Direcci\u00f3n: Val\u00e9rie Donzelli Guion: Val\u00e9rie Donzelli, J\u00e9r\u00e9mie Elka\u00efm M\u00fasica: Pascal Mayer Fotograf\u00eda: S\u00e9bastien Buchmann Reparto: Val\u00e9rie Donzelli, J\u00e9r\u00e9mie Elka\u00efm, Gabriel Elka\u00efm, C\u00e9sar Desseix, Brigitte Sy, Elina L\u00f6wensohn, Mich\u00e8le Moretti, Phillipe Laudenbach, Bastien Bouillon, B\u00e9atrice de Sta\u00ebl, Anne Le Ny, Fr\u00e9d\u00e9ric Pierrot Productora: Wild Bunch Distribution \/ &hellip; <\/p>\n<p class=\"link-more\"><a href=\"https:\/\/cartelesmix.es\/cartelesdecine\/?p=11178\" class=\"more-link\">Continuar leyendo<span class=\"screen-reader-text\"> \u00abDeclaraci\u00f3n de guerra (La guerre est d\u00e9clar\u00e9e) (2011)\u00bb<\/span><\/a><\/p>\n","protected":false},"author":1,"featured_media":0,"comment_status":"closed","ping_status":"closed","sticky":false,"template":"","format":"standard","meta":{"footnotes":""},"categories":[2],"tags":[],"class_list":["post-11178","post","type-post","status-publish","format-standard","hentry","category-peliculas"],"_links":{"self":[{"href":"https:\/\/cartelesmix.es\/cartelesdecine\/index.php?rest_route=\/wp\/v2\/posts\/11178","targetHints":{"allow":["GET"]}}],"collection":[{"href":"https:\/\/cartelesmix.es\/cartelesdecine\/index.php?rest_route=\/wp\/v2\/posts"}],"about":[{"href":"https:\/\/cartelesmix.es\/cartelesdecine\/index.php?rest_route=\/wp\/v2\/types\/post"}],"author":[{"embeddable":true,"href":"https:\/\/cartelesmix.es\/cartelesdecine\/index.php?rest_route=\/wp\/v2\/users\/1"}],"replies":[{"embeddable":true,"href":"https:\/\/cartelesmix.es\/cartelesdecine\/index.php?rest_route=%2Fwp%2Fv2%2Fcomments&post=11178"}],"version-history":[{"count":5,"href":"https:\/\/cartelesmix.es\/cartelesdecine\/index.php?rest_route=\/wp\/v2\/posts\/11178\/revisions"}],"predecessor-version":[{"id":164101,"href":"https:\/\/cartelesmix.es\/cartelesdecine\/index.php?rest_route=\/wp\/v2\/posts\/11178\/revisions\/164101"}],"wp:attachment":[{"href":"https:\/\/cartelesmix.es\/cartelesdecine\/index.php?rest_route=%2Fwp%2Fv2%2Fmedia&parent=11178"}],"wp:term":[{"taxonomy":"category","embeddable":true,"href":"https:\/\/cartelesmix.es\/cartelesdecine\/index.php?rest_route=%2Fwp%2Fv2%2Fcategories&post=11178"},{"taxonomy":"post_tag","embeddable":true,"href":"https:\/\/cartelesmix.es\/cartelesdecine\/index.php?rest_route=%2Fwp%2Fv2%2Ftags&post=11178"}],"curies":[{"name":"wp","href":"https:\/\/api.w.org\/{rel}","templated":true}]}}