{"id":11467,"date":"2018-06-09T09:40:04","date_gmt":"2018-06-09T07:40:04","guid":{"rendered":"http:\/\/www.mixcarteles.com\/cartelesmix\/?p=11467"},"modified":"2018-06-10T21:32:01","modified_gmt":"2018-06-10T19:32:01","slug":"vacaciones-de-ferragosto-pranzo-di-ferragosto-mid-august-lunch-2008","status":"publish","type":"post","link":"https:\/\/cartelesmix.es\/cartelesdecine\/?p=11467","title":{"rendered":"Vacaciones de ferragosto (Pranzo di ferragosto) (Mid-August Lunch) (2008)"},"content":{"rendered":"<p>Categor\u00eda: Comedia\u00a0\u00a0\u00a0 \/\u00a0\u00a0 Nacionalidad: Italia<br \/>\nDirector: Gianni Di Gregorio<br \/>\nActores: Gianni Di Gregorio, Valeria De Franciscis, Marina Cacciotti, Maria Cal\u00ec, Grazia Cesarini Sforza, Alfonso Santagata, Luigi Marchetti, Marcello Ottolenghi, Petre Rosu<br \/>\nArgumento:<br \/>\nGianni, un romano del Trastevere, vive en la casa familiar con su madre viuda. El d\u00eda antes de ferragosto, el administrador de la comunidad le sorprende con una propuesta muy poco habitual: que acoja a su madre en su casa durante los dos d\u00edas festivos. A cambio, le ofrece deducirle las deudas que ha acumulado durante a\u00f1os en los gastos de la comunidad. Gianni acepta, pero poco despu\u00e9s el administrador se presenta no s\u00f3lo con su madre, sino tambi\u00e9n con su t\u00eda. Todo se va enredando cada vez m\u00e1s y poco despu\u00e9s su amigo y m\u00e9dico de cabecera, que tiene que estar de guardia en el hospital, le lleva tambi\u00e9n a su madre&#8230; Gianni, agobiado y sobrepasado por el choque de personalidades de las cuatro mujeres, se dedica heroicamente a tenerlas contentas. El resultado es que una bocanada de vitalidad, de locura y de frescura invade la vieja casa en el centro de Roma.<br \/>\nGui\u00f3n: Gianni Di Gregorio, Simone Riccardini<br \/>\nFotograf\u00eda: Gian Enrico Bianchi<br \/>\nWeb oficial: http:\/\/www.pranzodiferragosto.it\/<\/p>\n<p><a href=\"http:\/\/cartelesmix.es\/cartelesdecine\/wp-content\/uploads\/2018\/06\/vacacionesferragosto08001.jpg\" target=\"_blank\" rel=\"noopener\"><img loading=\"lazy\" decoding=\"async\" class=\"alignnone wp-image-162841 size-medium\" src=\"http:\/\/cartelesmix.es\/cartelesdecine\/wp-content\/uploads\/2018\/06\/vacacionesferragosto08001-170x240.jpg\" alt=\"\" width=\"170\" height=\"240\" srcset=\"https:\/\/cartelesmix.es\/cartelesdecine\/wp-content\/uploads\/2018\/06\/vacacionesferragosto08001-170x240.jpg 170w, https:\/\/cartelesmix.es\/cartelesdecine\/wp-content\/uploads\/2018\/06\/vacacionesferragosto08001-768x1087.jpg 768w\" sizes=\"auto, (max-width: 170px) 100vw, 170px\" \/><\/a> <a href=\"http:\/\/cartelesmix.es\/cartelesdecine\/wp-content\/uploads\/2018\/06\/vacacionesferragosto08002.jpg\" target=\"_blank\" rel=\"noopener\"><img loading=\"lazy\" decoding=\"async\" class=\"alignnone wp-image-162842 size-medium\" src=\"http:\/\/cartelesmix.es\/cartelesdecine\/wp-content\/uploads\/2018\/06\/vacacionesferragosto08002-170x240.jpg\" alt=\"\" width=\"170\" height=\"240\" srcset=\"https:\/\/cartelesmix.es\/cartelesdecine\/wp-content\/uploads\/2018\/06\/vacacionesferragosto08002-170x240.jpg 170w, https:\/\/cartelesmix.es\/cartelesdecine\/wp-content\/uploads\/2018\/06\/vacacionesferragosto08002-768x1086.jpg 768w, https:\/\/cartelesmix.es\/cartelesdecine\/wp-content\/uploads\/2018\/06\/vacacionesferragosto08002.jpg 955w\" sizes=\"auto, (max-width: 170px) 100vw, 170px\" \/><\/a> <a href=\"http:\/\/cartelesmix.es\/cartelesdecine\/wp-content\/uploads\/2018\/06\/vacacionesferragosto08003.jpg\" target=\"_blank\" rel=\"noopener\"><img loading=\"lazy\" decoding=\"async\" class=\"alignnone wp-image-162843 size-medium\" src=\"http:\/\/cartelesmix.es\/cartelesdecine\/wp-content\/uploads\/2018\/06\/vacacionesferragosto08003-177x240.jpg\" alt=\"\" width=\"177\" height=\"240\" srcset=\"https:\/\/cartelesmix.es\/cartelesdecine\/wp-content\/uploads\/2018\/06\/vacacionesferragosto08003-177x240.jpg 177w, https:\/\/cartelesmix.es\/cartelesdecine\/wp-content\/uploads\/2018\/06\/vacacionesferragosto08003-768x1043.jpg 768w, https:\/\/cartelesmix.es\/cartelesdecine\/wp-content\/uploads\/2018\/06\/vacacionesferragosto08003.jpg 1620w\" sizes=\"auto, (max-width: 177px) 100vw, 177px\" \/><\/a> <a href=\"http:\/\/cartelesmix.es\/cartelesdecine\/wp-content\/uploads\/2018\/06\/vacacionesferragosto08004.jpg\" target=\"_blank\" rel=\"noopener\"><img loading=\"lazy\" decoding=\"async\" class=\"alignnone wp-image-162844 size-medium\" src=\"http:\/\/cartelesmix.es\/cartelesdecine\/wp-content\/uploads\/2018\/06\/vacacionesferragosto08004-169x240.jpg\" alt=\"\" width=\"169\" height=\"240\" srcset=\"https:\/\/cartelesmix.es\/cartelesdecine\/wp-content\/uploads\/2018\/06\/vacacionesferragosto08004-169x240.jpg 169w, https:\/\/cartelesmix.es\/cartelesdecine\/wp-content\/uploads\/2018\/06\/vacacionesferragosto08004-768x1088.jpg 768w\" sizes=\"auto, (max-width: 169px) 100vw, 169px\" \/><\/a> <a href=\"http:\/\/cartelesmix.es\/cartelesdecine\/wp-content\/uploads\/2018\/06\/vacacionesferragosto08005.jpg\" target=\"_blank\" rel=\"noopener\"><img loading=\"lazy\" decoding=\"async\" class=\"alignnone wp-image-162845 size-medium\" src=\"http:\/\/cartelesmix.es\/cartelesdecine\/wp-content\/uploads\/2018\/06\/vacacionesferragosto08005-170x240.jpg\" alt=\"\" width=\"170\" height=\"240\" srcset=\"https:\/\/cartelesmix.es\/cartelesdecine\/wp-content\/uploads\/2018\/06\/vacacionesferragosto08005-170x240.jpg 170w, https:\/\/cartelesmix.es\/cartelesdecine\/wp-content\/uploads\/2018\/06\/vacacionesferragosto08005-768x1086.jpg 768w, https:\/\/cartelesmix.es\/cartelesdecine\/wp-content\/uploads\/2018\/06\/vacacionesferragosto08005.jpg 1414w\" sizes=\"auto, (max-width: 170px) 100vw, 170px\" \/><\/a> <a href=\"http:\/\/cartelesmix.es\/cartelesdecine\/wp-content\/uploads\/2018\/06\/vacacionesferragosto08006.jpg\" target=\"_blank\" rel=\"noopener\"><img loading=\"lazy\" decoding=\"async\" class=\"alignnone wp-image-162846 size-medium\" src=\"http:\/\/cartelesmix.es\/cartelesdecine\/wp-content\/uploads\/2018\/06\/vacacionesferragosto08006-170x240.jpg\" alt=\"\" width=\"170\" height=\"240\" srcset=\"https:\/\/cartelesmix.es\/cartelesdecine\/wp-content\/uploads\/2018\/06\/vacacionesferragosto08006-170x240.jpg 170w, https:\/\/cartelesmix.es\/cartelesdecine\/wp-content\/uploads\/2018\/06\/vacacionesferragosto08006-768x1086.jpg 768w, https:\/\/cartelesmix.es\/cartelesdecine\/wp-content\/uploads\/2018\/06\/vacacionesferragosto08006.jpg 990w\" sizes=\"auto, (max-width: 170px) 100vw, 170px\" \/><\/a> <a href=\"http:\/\/cartelesmix.es\/cartelesdecine\/wp-content\/uploads\/2018\/06\/vacacionesferragosto08007.jpg\" target=\"_blank\" rel=\"noopener\"><img loading=\"lazy\" decoding=\"async\" class=\"alignnone wp-image-162847 size-medium\" src=\"http:\/\/cartelesmix.es\/cartelesdecine\/wp-content\/uploads\/2018\/06\/vacacionesferragosto08007-170x240.jpg\" alt=\"\" width=\"170\" height=\"240\" srcset=\"https:\/\/cartelesmix.es\/cartelesdecine\/wp-content\/uploads\/2018\/06\/vacacionesferragosto08007-170x240.jpg 170w, https:\/\/cartelesmix.es\/cartelesdecine\/wp-content\/uploads\/2018\/06\/vacacionesferragosto08007-768x1086.jpg 768w\" sizes=\"auto, (max-width: 170px) 100vw, 170px\" \/><\/a> <a href=\"http:\/\/cartelesmix.es\/cartelesdecine\/wp-content\/uploads\/2018\/06\/vacacionesferragosto08008.jpg\" target=\"_blank\" rel=\"noopener\"><img loading=\"lazy\" decoding=\"async\" class=\"alignnone wp-image-162848 size-medium\" src=\"http:\/\/cartelesmix.es\/cartelesdecine\/wp-content\/uploads\/2018\/06\/vacacionesferragosto08008-170x240.jpg\" alt=\"\" width=\"170\" height=\"240\" srcset=\"https:\/\/cartelesmix.es\/cartelesdecine\/wp-content\/uploads\/2018\/06\/vacacionesferragosto08008-170x240.jpg 170w, https:\/\/cartelesmix.es\/cartelesdecine\/wp-content\/uploads\/2018\/06\/vacacionesferragosto08008-768x1085.jpg 768w, https:\/\/cartelesmix.es\/cartelesdecine\/wp-content\/uploads\/2018\/06\/vacacionesferragosto08008.jpg 991w\" sizes=\"auto, (max-width: 170px) 100vw, 170px\" \/><\/a> <a href=\"http:\/\/cartelesmix.es\/cartelesdecine\/wp-content\/uploads\/2018\/06\/vacacionesferragosto08009.jpg\" target=\"_blank\" rel=\"noopener\"><img loading=\"lazy\" decoding=\"async\" class=\"alignnone wp-image-162849 size-medium\" src=\"http:\/\/cartelesmix.es\/cartelesdecine\/wp-content\/uploads\/2018\/06\/vacacionesferragosto08009-168x240.jpg\" alt=\"\" width=\"168\" height=\"240\" srcset=\"https:\/\/cartelesmix.es\/cartelesdecine\/wp-content\/uploads\/2018\/06\/vacacionesferragosto08009-168x240.jpg 168w, https:\/\/cartelesmix.es\/cartelesdecine\/wp-content\/uploads\/2018\/06\/vacacionesferragosto08009-768x1099.jpg 768w\" sizes=\"auto, (max-width: 168px) 100vw, 168px\" \/><\/a> <a href=\"http:\/\/cartelesmix.es\/cartelesdecine\/wp-content\/uploads\/2018\/06\/vacacionesferragosto08010.jpg\" target=\"_blank\" rel=\"noopener\"><img loading=\"lazy\" decoding=\"async\" class=\"alignnone wp-image-162850 size-medium\" src=\"http:\/\/cartelesmix.es\/cartelesdecine\/wp-content\/uploads\/2018\/06\/vacacionesferragosto08010-168x240.jpg\" alt=\"\" width=\"168\" height=\"240\" srcset=\"https:\/\/cartelesmix.es\/cartelesdecine\/wp-content\/uploads\/2018\/06\/vacacionesferragosto08010-168x240.jpg 168w, https:\/\/cartelesmix.es\/cartelesdecine\/wp-content\/uploads\/2018\/06\/vacacionesferragosto08010-768x1096.jpg 768w, https:\/\/cartelesmix.es\/cartelesdecine\/wp-content\/uploads\/2018\/06\/vacacionesferragosto08010.jpg 1242w\" sizes=\"auto, (max-width: 168px) 100vw, 168px\" \/><\/a> <a href=\"http:\/\/cartelesmix.es\/cartelesdecine\/wp-content\/uploads\/2018\/06\/vacacionesferragosto08011.jpg\" target=\"_blank\" rel=\"noopener\"><img loading=\"lazy\" decoding=\"async\" class=\"alignnone wp-image-162851 size-medium\" src=\"http:\/\/cartelesmix.es\/cartelesdecine\/wp-content\/uploads\/2018\/06\/vacacionesferragosto08011-166x240.jpg\" alt=\"\" width=\"166\" height=\"240\" srcset=\"https:\/\/cartelesmix.es\/cartelesdecine\/wp-content\/uploads\/2018\/06\/vacacionesferragosto08011-166x240.jpg 166w, https:\/\/cartelesmix.es\/cartelesdecine\/wp-content\/uploads\/2018\/06\/vacacionesferragosto08011-768x1109.jpg 768w, https:\/\/cartelesmix.es\/cartelesdecine\/wp-content\/uploads\/2018\/06\/vacacionesferragosto08011.jpg 2000w\" sizes=\"auto, (max-width: 166px) 100vw, 166px\" \/><\/a> <a href=\"http:\/\/cartelesmix.es\/cartelesdecine\/wp-content\/uploads\/2018\/06\/vacacionesferragosto08012.jpg\" target=\"_blank\" rel=\"noopener\"><img loading=\"lazy\" decoding=\"async\" class=\"alignnone wp-image-162852 size-medium\" src=\"http:\/\/cartelesmix.es\/cartelesdecine\/wp-content\/uploads\/2018\/06\/vacacionesferragosto08012-164x240.jpg\" alt=\"\" width=\"164\" height=\"240\" srcset=\"https:\/\/cartelesmix.es\/cartelesdecine\/wp-content\/uploads\/2018\/06\/vacacionesferragosto08012-164x240.jpg 164w, https:\/\/cartelesmix.es\/cartelesdecine\/wp-content\/uploads\/2018\/06\/vacacionesferragosto08012-768x1124.jpg 768w, https:\/\/cartelesmix.es\/cartelesdecine\/wp-content\/uploads\/2018\/06\/vacacionesferragosto08012.jpg 1025w\" sizes=\"auto, (max-width: 164px) 100vw, 164px\" \/><\/a> <a href=\"http:\/\/cartelesmix.es\/cartelesdecine\/wp-content\/uploads\/2018\/06\/vacacionesferragosto08013.jpg\" target=\"_blank\" rel=\"noopener\"><img loading=\"lazy\" decoding=\"async\" class=\"alignnone wp-image-162853 size-medium\" src=\"http:\/\/cartelesmix.es\/cartelesdecine\/wp-content\/uploads\/2018\/06\/vacacionesferragosto08013-240x180.jpg\" alt=\"\" width=\"240\" height=\"180\" srcset=\"https:\/\/cartelesmix.es\/cartelesdecine\/wp-content\/uploads\/2018\/06\/vacacionesferragosto08013-240x180.jpg 240w, https:\/\/cartelesmix.es\/cartelesdecine\/wp-content\/uploads\/2018\/06\/vacacionesferragosto08013-768x577.jpg 768w, https:\/\/cartelesmix.es\/cartelesdecine\/wp-content\/uploads\/2018\/06\/vacacionesferragosto08013.jpg 1998w\" sizes=\"auto, (max-width: 240px) 100vw, 240px\" \/><\/a><\/p>\n","protected":false},"excerpt":{"rendered":"<p>Categor\u00eda: Comedia\u00a0\u00a0\u00a0 \/\u00a0\u00a0 Nacionalidad: Italia Director: Gianni Di Gregorio Actores: Gianni Di Gregorio, Valeria De Franciscis, Marina Cacciotti, Maria Cal\u00ec, Grazia Cesarini Sforza, Alfonso Santagata, Luigi Marchetti, Marcello Ottolenghi, Petre Rosu Argumento: Gianni, un romano del Trastevere, vive en la casa familiar con su madre viuda. El d\u00eda antes de ferragosto, el administrador de la &hellip; <\/p>\n<p class=\"link-more\"><a href=\"https:\/\/cartelesmix.es\/cartelesdecine\/?p=11467\" class=\"more-link\">Continuar leyendo<span class=\"screen-reader-text\"> \u00abVacaciones de ferragosto (Pranzo di ferragosto) (Mid-August Lunch) (2008)\u00bb<\/span><\/a><\/p>\n","protected":false},"author":1,"featured_media":0,"comment_status":"closed","ping_status":"closed","sticky":false,"template":"","format":"standard","meta":{"footnotes":""},"categories":[2],"tags":[],"class_list":["post-11467","post","type-post","status-publish","format-standard","hentry","category-peliculas"],"_links":{"self":[{"href":"https:\/\/cartelesmix.es\/cartelesdecine\/index.php?rest_route=\/wp\/v2\/posts\/11467","targetHints":{"allow":["GET"]}}],"collection":[{"href":"https:\/\/cartelesmix.es\/cartelesdecine\/index.php?rest_route=\/wp\/v2\/posts"}],"about":[{"href":"https:\/\/cartelesmix.es\/cartelesdecine\/index.php?rest_route=\/wp\/v2\/types\/post"}],"author":[{"embeddable":true,"href":"https:\/\/cartelesmix.es\/cartelesdecine\/index.php?rest_route=\/wp\/v2\/users\/1"}],"replies":[{"embeddable":true,"href":"https:\/\/cartelesmix.es\/cartelesdecine\/index.php?rest_route=%2Fwp%2Fv2%2Fcomments&post=11467"}],"version-history":[{"count":3,"href":"https:\/\/cartelesmix.es\/cartelesdecine\/index.php?rest_route=\/wp\/v2\/posts\/11467\/revisions"}],"predecessor-version":[{"id":162899,"href":"https:\/\/cartelesmix.es\/cartelesdecine\/index.php?rest_route=\/wp\/v2\/posts\/11467\/revisions\/162899"}],"wp:attachment":[{"href":"https:\/\/cartelesmix.es\/cartelesdecine\/index.php?rest_route=%2Fwp%2Fv2%2Fmedia&parent=11467"}],"wp:term":[{"taxonomy":"category","embeddable":true,"href":"https:\/\/cartelesmix.es\/cartelesdecine\/index.php?rest_route=%2Fwp%2Fv2%2Fcategories&post=11467"},{"taxonomy":"post_tag","embeddable":true,"href":"https:\/\/cartelesmix.es\/cartelesdecine\/index.php?rest_route=%2Fwp%2Fv2%2Ftags&post=11467"}],"curies":[{"name":"wp","href":"https:\/\/api.w.org\/{rel}","templated":true}]}}