{"id":13148,"date":"2010-03-16T18:50:17","date_gmt":"2010-03-16T17:50:17","guid":{"rendered":"http:\/\/www.mixcarteles.com\/cartelesmix\/?p=13148"},"modified":"2018-01-20T12:00:12","modified_gmt":"2018-01-20T12:00:12","slug":"la-batalla-de-las-ardenas-battle-of-the-bulge-1965","status":"publish","type":"post","link":"https:\/\/cartelesmix.es\/cartelesdecine\/?p=13148","title":{"rendered":"La batalla de las \u00c1rdenas (Battle of the Bulge) (1965)"},"content":{"rendered":"<div><strong>G\u00e9nero:<\/strong> B\u00e9lica, Acci\u00f3n, Drama\u00a0 <strong>Pa\u00eds:<\/strong> Estados Unidos<\/div>\n<div>\n<div><strong>Direcci\u00f3n:<\/strong>\u00a0 Ken Annakin<\/div>\n<\/div>\n<div>\n<div><strong>Interpretaci\u00f3n:<\/strong>\u00a0 Henry Fonda, Robert Ryan, Robert Shaw, Dana Andrews, George Montgomery, Ty Hardin, Pier Angeli, Charles Bronson, Telly Savalas<\/div>\n<div><strong>Sinopsis:<\/strong>\u00a0 Cl\u00e1sica superproducci\u00f3n b\u00e9lica, cuyo nombre, La batalla de las Ardenas, lo toma de un decisivo episodio de la Segunda Guerra Mundial. En Diciembre de 1944, los aliados creen que el ej\u00e9rcito nazi est\u00e1 a punto de ser derrotado, pero un contraataque de los mismos da lugar a una sangrienta ofensiva. Esta batalla puede decidir el final de la guerra, sin embargo, la victoria depende de una sola cosa: el combustible&#8230;<\/div>\n<\/div>\n<div>\n<div>\n<hr \/>\n<\/div>\n<\/div>\n<div>\n<div><strong>Carteles:<\/strong><\/div>\n<div><strong>\u00a0<\/strong><\/div>\n<div><a href=\"http:\/\/cartelesmix.es\/images\/CartelesB\/batallaardenas6501.jpg\" target=\"_blank\"><img loading=\"lazy\" decoding=\"async\" class=\"alignnone size-medium wp-image-30654\" title=\"batallaardenas6501\" src=\"http:\/\/cartelesmix.es\/images\/CartelesB\/batallaardenas6501-154x240.jpg\" alt=\"\" width=\"154\" height=\"240\" \/><\/a>\u00a0<a href=\"http:\/\/cartelesmix.es\/images\/CartelesB\/batallaardenas6502.jpg\" target=\"_blank\"><img loading=\"lazy\" decoding=\"async\" class=\"alignnone size-medium wp-image-30655\" title=\"batallaardenas6502\" src=\"http:\/\/cartelesmix.es\/images\/CartelesB\/batallaardenas6502-157x240.jpg\" alt=\"\" width=\"157\" height=\"240\" \/><\/a>\u00a0<a href=\"http:\/\/cartelesmix.es\/images\/CartelesB\/batallaardenas6503.jpg\" target=\"_blank\"><img loading=\"lazy\" decoding=\"async\" class=\"alignnone size-medium wp-image-30656\" title=\"batallaardenas6503\" src=\"http:\/\/cartelesmix.es\/images\/CartelesB\/batallaardenas6503-158x240.jpg\" alt=\"\" width=\"158\" height=\"240\" \/><\/a>\u00a0<a href=\"http:\/\/cartelesmix.es\/images\/CartelesB\/batallaardenas6504.jpg\" target=\"_blank\"><img loading=\"lazy\" decoding=\"async\" class=\"alignnone size-medium wp-image-30657\" title=\"batallaardenas6504\" src=\"http:\/\/cartelesmix.es\/images\/CartelesB\/batallaardenas6504-240x187.jpg\" alt=\"\" width=\"240\" height=\"187\" \/><\/a>\u00a0<a href=\"http:\/\/cartelesmix.es\/images\/CartelesB\/batallaardenas6505.jpg\" target=\"_blank\"><img loading=\"lazy\" decoding=\"async\" class=\"alignnone size-medium wp-image-30658\" title=\"batallaardenas6505\" src=\"http:\/\/cartelesmix.es\/images\/CartelesB\/batallaardenas6505-240x188.jpg\" alt=\"\" width=\"240\" height=\"188\" \/><\/a>\u00a0<a href=\"http:\/\/cartelesmix.es\/images\/CartelesB\/batallaardenas6506.jpg\" target=\"_blank\"><img loading=\"lazy\" decoding=\"async\" class=\"alignnone size-medium wp-image-30659\" title=\"batallaardenas6506\" src=\"http:\/\/cartelesmix.es\/images\/CartelesB\/batallaardenas6506-137x240.jpg\" alt=\"\" width=\"137\" height=\"240\" \/><\/a>\u00a0<a href=\"http:\/\/cartelesmix.es\/images\/CartelesB\/batallaardenas6507.jpg\" target=\"_blank\"><img loading=\"lazy\" decoding=\"async\" class=\"alignnone size-medium wp-image-30660\" title=\"batallaardenas6507\" src=\"http:\/\/cartelesmix.es\/images\/CartelesB\/batallaardenas6507-158x240.jpg\" alt=\"\" width=\"158\" height=\"240\" \/><\/a>\u00a0<a href=\"http:\/\/cartelesmix.es\/images\/CartelesB\/batallaardenas6508.jpg\" target=\"_blank\"><img loading=\"lazy\" decoding=\"async\" class=\"alignnone size-medium wp-image-30661\" title=\"batallaardenas6508\" src=\"http:\/\/cartelesmix.es\/images\/CartelesB\/batallaardenas6508-167x240.jpg\" alt=\"\" width=\"167\" height=\"240\" \/><\/a>\u00a0<a href=\"http:\/\/cartelesmix.es\/images\/CartelesB\/batallaardenas6509.jpg\" target=\"_blank\"><img loading=\"lazy\" decoding=\"async\" class=\"alignnone size-medium wp-image-30662\" title=\"batallaardenas6509\" src=\"http:\/\/cartelesmix.es\/images\/CartelesB\/batallaardenas6509-167x240.jpg\" alt=\"\" width=\"167\" height=\"240\" \/><\/a>\u00a0<a href=\"http:\/\/cartelesmix.es\/images\/CartelesB\/batallaardenas6510.jpg\" target=\"_blank\"><img loading=\"lazy\" decoding=\"async\" class=\"alignnone size-medium wp-image-30663\" title=\"batallaardenas6510\" src=\"http:\/\/cartelesmix.es\/images\/CartelesB\/batallaardenas6510-169x240.jpg\" alt=\"\" width=\"169\" height=\"240\" \/><\/a>\u00a0<a href=\"http:\/\/cartelesmix.es\/images\/CartelesB\/batallaardenas6511.jpg\" target=\"_blank\"><img loading=\"lazy\" decoding=\"async\" class=\"alignnone size-medium wp-image-30653\" title=\"batallaardenas6511\" src=\"http:\/\/cartelesmix.es\/images\/CartelesB\/batallaardenas6511-178x239.jpg\" alt=\"\" width=\"178\" height=\"239\" \/><\/a><\/div>\n<\/div>\n","protected":false},"excerpt":{"rendered":"<p>G\u00e9nero: B\u00e9lica, Acci\u00f3n, Drama\u00a0 Pa\u00eds: Estados Unidos Direcci\u00f3n:\u00a0 Ken Annakin Interpretaci\u00f3n:\u00a0 Henry Fonda, Robert Ryan, Robert Shaw, Dana Andrews, George Montgomery, Ty Hardin, Pier Angeli, Charles Bronson, Telly Savalas Sinopsis:\u00a0 Cl\u00e1sica superproducci\u00f3n b\u00e9lica, cuyo nombre, La batalla de las Ardenas, lo toma de un decisivo episodio de la Segunda Guerra Mundial. En Diciembre de 1944, &hellip; <\/p>\n<p class=\"link-more\"><a href=\"https:\/\/cartelesmix.es\/cartelesdecine\/?p=13148\" class=\"more-link\">Continuar leyendo<span class=\"screen-reader-text\"> \u00abLa batalla de las \u00c1rdenas (Battle of the Bulge) (1965)\u00bb<\/span><\/a><\/p>\n","protected":false},"author":1,"featured_media":0,"comment_status":"closed","ping_status":"closed","sticky":false,"template":"","format":"standard","meta":{"footnotes":""},"categories":[2],"tags":[],"class_list":["post-13148","post","type-post","status-publish","format-standard","hentry","category-peliculas"],"_links":{"self":[{"href":"https:\/\/cartelesmix.es\/cartelesdecine\/index.php?rest_route=\/wp\/v2\/posts\/13148","targetHints":{"allow":["GET"]}}],"collection":[{"href":"https:\/\/cartelesmix.es\/cartelesdecine\/index.php?rest_route=\/wp\/v2\/posts"}],"about":[{"href":"https:\/\/cartelesmix.es\/cartelesdecine\/index.php?rest_route=\/wp\/v2\/types\/post"}],"author":[{"embeddable":true,"href":"https:\/\/cartelesmix.es\/cartelesdecine\/index.php?rest_route=\/wp\/v2\/users\/1"}],"replies":[{"embeddable":true,"href":"https:\/\/cartelesmix.es\/cartelesdecine\/index.php?rest_route=%2Fwp%2Fv2%2Fcomments&post=13148"}],"version-history":[{"count":1,"href":"https:\/\/cartelesmix.es\/cartelesdecine\/index.php?rest_route=\/wp\/v2\/posts\/13148\/revisions"}],"predecessor-version":[{"id":100240,"href":"https:\/\/cartelesmix.es\/cartelesdecine\/index.php?rest_route=\/wp\/v2\/posts\/13148\/revisions\/100240"}],"wp:attachment":[{"href":"https:\/\/cartelesmix.es\/cartelesdecine\/index.php?rest_route=%2Fwp%2Fv2%2Fmedia&parent=13148"}],"wp:term":[{"taxonomy":"category","embeddable":true,"href":"https:\/\/cartelesmix.es\/cartelesdecine\/index.php?rest_route=%2Fwp%2Fv2%2Fcategories&post=13148"},{"taxonomy":"post_tag","embeddable":true,"href":"https:\/\/cartelesmix.es\/cartelesdecine\/index.php?rest_route=%2Fwp%2Fv2%2Ftags&post=13148"}],"curies":[{"name":"wp","href":"https:\/\/api.w.org\/{rel}","templated":true}]}}