{"id":13180,"date":"2010-03-16T18:58:29","date_gmt":"2010-03-16T17:58:29","guid":{"rendered":"http:\/\/www.mixcarteles.com\/cartelesmix\/?p=13180"},"modified":"2017-11-13T07:06:25","modified_gmt":"2017-11-13T07:06:25","slug":"la-buena-nueva-la-buena-nueva-2008","status":"publish","type":"post","link":"https:\/\/cartelesmix.es\/cartelesdecine\/?p=13180","title":{"rendered":"La buena nueva (La buena nueva) (2008)"},"content":{"rendered":"<div><strong>G\u00e9nero:<\/strong> Drama\u00a0\u00a0\u00a0 <strong>Pa\u00eds:<\/strong> \u00a0Espa\u00f1a<\/div>\n<div><strong>Direcci\u00f3n:<\/strong>\u00a0 Helena Taberna<\/div>\n<div>\n<div><strong>Interpretaci\u00f3n:<\/strong>\u00a0 Unax Ugalde, B\u00e1rbara Goenaga, Mercedes Sampietro, Guillermo Toledo, Joseba Apaolaza, Maribel Salas, Loquillo, Gorka Aguinagalde, Klara Badiola, Magdalena Aizpurua, I\u00f1ake Irastorza, Erik Probanza, Kandido Uranga, Jabier Muguruza, Susana G\u00f3mez, Mikel Tello, Rodrigo S\u00e1enz de Heredia<\/div>\n<div><strong>Sinopsis:<\/strong>\u00a0 Miguel es nombrado p\u00e1rroco de un pueblo socialista coincidiendo con la sublevaci\u00f3n de 1936. Desde el inicio de la guerra, el bando nacional ocupa el pueblo y pronto se suceden los fusilamientos. En su lucha por defender a los represaliados, Miguel se enfrenta a la jerarqu\u00eda eclesi\u00e1stica y militar, poniendo en juego su propia vida.<br \/>\nMiguel encuentra refugio en su amistad con la maestra del pueblo, cuyo marido ha sido asesinado al inicio de la contienda. La relaci\u00f3n con Margari supone el contrapunto al desencanto del joven p\u00e1rroco y su \u00fanico apoyo en un camino que debe recorrer solo.<\/div>\n<\/div>\n<div>\n<div><strong>Premios:<\/strong><\/div>\n<div>2008: Seminci &#8211; Valladolid: Mejor actor &#8211; ex aequo (Unax Ugalde)<\/div>\n<\/div>\n<hr \/>\n<div>\n<div><strong>Carteles:<\/strong><\/div>\n<div><strong>\u00a0<\/strong><\/div>\n<div><a href=\"http:\/\/cartelesmix.es\/images\/CartelesB\/buenanueva0801.jpg\" target=\"_blank\"><img loading=\"lazy\" decoding=\"async\" class=\"alignnone size-medium wp-image-31450\" title=\"buenanueva0801\" src=\"http:\/\/cartelesmix.es\/images\/CartelesB\/buenanueva0801-169x240.jpg\" alt=\"\" width=\"169\" height=\"240\" \/><\/a><\/div>\n<\/div>\n","protected":false},"excerpt":{"rendered":"<p>G\u00e9nero: Drama\u00a0\u00a0\u00a0 Pa\u00eds: \u00a0Espa\u00f1a Direcci\u00f3n:\u00a0 Helena Taberna Interpretaci\u00f3n:\u00a0 Unax Ugalde, B\u00e1rbara Goenaga, Mercedes Sampietro, Guillermo Toledo, Joseba Apaolaza, Maribel Salas, Loquillo, Gorka Aguinagalde, Klara Badiola, Magdalena Aizpurua, I\u00f1ake Irastorza, Erik Probanza, Kandido Uranga, Jabier Muguruza, Susana G\u00f3mez, Mikel Tello, Rodrigo S\u00e1enz de Heredia Sinopsis:\u00a0 Miguel es nombrado p\u00e1rroco de un pueblo socialista coincidiendo con la &hellip; <\/p>\n<p class=\"link-more\"><a href=\"https:\/\/cartelesmix.es\/cartelesdecine\/?p=13180\" class=\"more-link\">Continuar leyendo<span class=\"screen-reader-text\"> \u00abLa buena nueva (La buena nueva) (2008)\u00bb<\/span><\/a><\/p>\n","protected":false},"author":1,"featured_media":0,"comment_status":"closed","ping_status":"closed","sticky":false,"template":"","format":"standard","meta":{"footnotes":""},"categories":[2],"tags":[],"class_list":["post-13180","post","type-post","status-publish","format-standard","hentry","category-peliculas"],"_links":{"self":[{"href":"https:\/\/cartelesmix.es\/cartelesdecine\/index.php?rest_route=\/wp\/v2\/posts\/13180","targetHints":{"allow":["GET"]}}],"collection":[{"href":"https:\/\/cartelesmix.es\/cartelesdecine\/index.php?rest_route=\/wp\/v2\/posts"}],"about":[{"href":"https:\/\/cartelesmix.es\/cartelesdecine\/index.php?rest_route=\/wp\/v2\/types\/post"}],"author":[{"embeddable":true,"href":"https:\/\/cartelesmix.es\/cartelesdecine\/index.php?rest_route=\/wp\/v2\/users\/1"}],"replies":[{"embeddable":true,"href":"https:\/\/cartelesmix.es\/cartelesdecine\/index.php?rest_route=%2Fwp%2Fv2%2Fcomments&post=13180"}],"version-history":[{"count":1,"href":"https:\/\/cartelesmix.es\/cartelesdecine\/index.php?rest_route=\/wp\/v2\/posts\/13180\/revisions"}],"predecessor-version":[{"id":100208,"href":"https:\/\/cartelesmix.es\/cartelesdecine\/index.php?rest_route=\/wp\/v2\/posts\/13180\/revisions\/100208"}],"wp:attachment":[{"href":"https:\/\/cartelesmix.es\/cartelesdecine\/index.php?rest_route=%2Fwp%2Fv2%2Fmedia&parent=13180"}],"wp:term":[{"taxonomy":"category","embeddable":true,"href":"https:\/\/cartelesmix.es\/cartelesdecine\/index.php?rest_route=%2Fwp%2Fv2%2Fcategories&post=13180"},{"taxonomy":"post_tag","embeddable":true,"href":"https:\/\/cartelesmix.es\/cartelesdecine\/index.php?rest_route=%2Fwp%2Fv2%2Ftags&post=13180"}],"curies":[{"name":"wp","href":"https:\/\/api.w.org\/{rel}","templated":true}]}}