{"id":13560,"date":"2018-06-10T18:47:30","date_gmt":"2018-06-10T16:47:30","guid":{"rendered":"http:\/\/www.mixcarteles.com\/cartelesmix\/?p=13560"},"modified":"2018-06-11T20:38:46","modified_gmt":"2018-06-11T18:38:46","slug":"la-hora-fria-la-hora-fria-2006","status":"publish","type":"post","link":"https:\/\/cartelesmix.es\/cartelesdecine\/?p=13560","title":{"rendered":"La hora fr\u00eda (La hora fr\u00eda) (2006)"},"content":{"rendered":"<p>Pa\u00eds: Espa\u00f1a\u00a0\u00a0 \/\u00a0\u00a0 G\u00e9nero: Ciencia ficci\u00f3n. Fant\u00e1stico. Terror | Zombis<br \/>\nDirecci\u00f3n: Elio Quiroga<br \/>\nGuion: Elio Quiroga<br \/>\nM\u00fasica: Alfons Conde<br \/>\nFotograf\u00eda: \u00c1ngel Luis Fern\u00e1ndez<br \/>\nReparto: Silke, Carola Manzanares, Jorge Casalduero, Omar Mu\u00f1oz, Nadia de Santiago, Julio Perill\u00e1n, Pepo Oliva, Pablo Scola, Sergio Villanueva, Marco Gonz\u00e1lez<br \/>\nProductora: Eqlipse P.C.<\/p>\n<p>Web oficial: http:\/\/www.lahorafria.com\/<br \/>\nSinopsis:<br \/>\nTras la \u00faltima Gran Guerra, las armas qu\u00edmicas han causado estragos entre la humanidad. Los hombres se han transformado en peligrosos zombis. Una peque\u00f1a comunidad de personas entre las que se incluyen dos ni\u00f1os intentan sobrevivir a esta situaci\u00f3n hostil reclu\u00eddos en un viejo caser\u00f3n, cuidando de que los Extra\u00f1os (que as\u00ed es como llaman a las v\u00edctimas de la guerra qu\u00edmica) no penetren en su refugio. Pero ese no es el \u00fanico problema. Aparte de los Extra\u00f1os tambi\u00e9n se cierne sobre ellos la amenaza de los Invisibles: espectros malignos que habitan en la antigua vivienda y cuya aparici\u00f3n se asocia a un acusado descenso de la temperatura. Es la Hora Fr\u00eda.<br \/>\nPremios:<br \/>\n2006: Festival de Sitges: Secci\u00f3n oficial largometrajes a concurso<\/p>\n<p><a href=\"http:\/\/cartelesmix.es\/cartelesdecine\/wp-content\/uploads\/2018\/06\/horafria06001.jpg\" target=\"_blank\" rel=\"noopener\"><img loading=\"lazy\" decoding=\"async\" class=\"alignnone wp-image-163011 size-medium\" src=\"http:\/\/cartelesmix.es\/cartelesdecine\/wp-content\/uploads\/2018\/06\/horafria06001-169x240.jpg\" alt=\"\" width=\"169\" height=\"240\" srcset=\"https:\/\/cartelesmix.es\/cartelesdecine\/wp-content\/uploads\/2018\/06\/horafria06001-169x240.jpg 169w, https:\/\/cartelesmix.es\/cartelesdecine\/wp-content\/uploads\/2018\/06\/horafria06001-768x1089.jpg 768w, https:\/\/cartelesmix.es\/cartelesdecine\/wp-content\/uploads\/2018\/06\/horafria06001.jpg 928w\" sizes=\"auto, (max-width: 169px) 100vw, 169px\" \/><\/a> <a href=\"http:\/\/cartelesmix.es\/cartelesdecine\/wp-content\/uploads\/2018\/06\/horafria06002.jpg\" target=\"_blank\" rel=\"noopener\"><img loading=\"lazy\" decoding=\"async\" class=\"alignnone wp-image-163012 size-medium\" src=\"http:\/\/cartelesmix.es\/cartelesdecine\/wp-content\/uploads\/2018\/06\/horafria06002-165x240.jpg\" alt=\"\" width=\"165\" height=\"240\" srcset=\"https:\/\/cartelesmix.es\/cartelesdecine\/wp-content\/uploads\/2018\/06\/horafria06002-165x240.jpg 165w, https:\/\/cartelesmix.es\/cartelesdecine\/wp-content\/uploads\/2018\/06\/horafria06002-768x1120.jpg 768w\" sizes=\"auto, (max-width: 165px) 100vw, 165px\" \/><\/a> <a href=\"http:\/\/cartelesmix.es\/cartelesdecine\/wp-content\/uploads\/2018\/06\/horafria06003.jpg\" target=\"_blank\" rel=\"noopener\"><img loading=\"lazy\" decoding=\"async\" class=\"alignnone wp-image-163013 size-medium\" src=\"http:\/\/cartelesmix.es\/cartelesdecine\/wp-content\/uploads\/2018\/06\/horafria06003-162x240.jpg\" alt=\"\" width=\"162\" height=\"240\" srcset=\"https:\/\/cartelesmix.es\/cartelesdecine\/wp-content\/uploads\/2018\/06\/horafria06003-162x240.jpg 162w, https:\/\/cartelesmix.es\/cartelesdecine\/wp-content\/uploads\/2018\/06\/horafria06003-768x1134.jpg 768w, https:\/\/cartelesmix.es\/cartelesdecine\/wp-content\/uploads\/2018\/06\/horafria06003.jpg 1354w\" sizes=\"auto, (max-width: 162px) 100vw, 162px\" \/><\/a> <a href=\"http:\/\/cartelesmix.es\/cartelesdecine\/wp-content\/uploads\/2018\/06\/horafria06004.jpg\" target=\"_blank\" rel=\"noopener\"><img loading=\"lazy\" decoding=\"async\" class=\"alignnone wp-image-163014 size-medium\" src=\"http:\/\/cartelesmix.es\/cartelesdecine\/wp-content\/uploads\/2018\/06\/horafria06004-162x240.jpg\" alt=\"\" width=\"162\" height=\"240\" srcset=\"https:\/\/cartelesmix.es\/cartelesdecine\/wp-content\/uploads\/2018\/06\/horafria06004-162x240.jpg 162w, https:\/\/cartelesmix.es\/cartelesdecine\/wp-content\/uploads\/2018\/06\/horafria06004-768x1134.jpg 768w\" sizes=\"auto, (max-width: 162px) 100vw, 162px\" \/><\/a> <a href=\"http:\/\/cartelesmix.es\/cartelesdecine\/wp-content\/uploads\/2018\/06\/horafria06005.jpg\" target=\"_blank\" rel=\"noopener\"><img loading=\"lazy\" decoding=\"async\" class=\"alignnone wp-image-163015 size-medium\" src=\"http:\/\/cartelesmix.es\/cartelesdecine\/wp-content\/uploads\/2018\/06\/horafria06005-165x240.jpg\" alt=\"\" width=\"165\" height=\"240\" srcset=\"https:\/\/cartelesmix.es\/cartelesdecine\/wp-content\/uploads\/2018\/06\/horafria06005-165x240.jpg 165w, https:\/\/cartelesmix.es\/cartelesdecine\/wp-content\/uploads\/2018\/06\/horafria06005-768x1118.jpg 768w, https:\/\/cartelesmix.es\/cartelesdecine\/wp-content\/uploads\/2018\/06\/horafria06005.jpg 1030w\" sizes=\"auto, (max-width: 165px) 100vw, 165px\" \/><\/a> <a href=\"http:\/\/cartelesmix.es\/cartelesdecine\/wp-content\/uploads\/2018\/06\/horafria06006.jpg\" target=\"_blank\" rel=\"noopener\"><img loading=\"lazy\" decoding=\"async\" class=\"alignnone wp-image-163016 size-medium\" src=\"http:\/\/cartelesmix.es\/cartelesdecine\/wp-content\/uploads\/2018\/06\/horafria06006-165x240.jpg\" alt=\"\" width=\"165\" height=\"240\" srcset=\"https:\/\/cartelesmix.es\/cartelesdecine\/wp-content\/uploads\/2018\/06\/horafria06006-165x240.jpg 165w, https:\/\/cartelesmix.es\/cartelesdecine\/wp-content\/uploads\/2018\/06\/horafria06006-768x1120.jpg 768w, https:\/\/cartelesmix.es\/cartelesdecine\/wp-content\/uploads\/2018\/06\/horafria06006.jpg 1800w\" sizes=\"auto, (max-width: 165px) 100vw, 165px\" \/><\/a> <a href=\"http:\/\/cartelesmix.es\/cartelesdecine\/wp-content\/uploads\/2018\/06\/horafria06007.jpg\" target=\"_blank\" rel=\"noopener\"><img loading=\"lazy\" decoding=\"async\" class=\"alignnone wp-image-163017 size-medium\" src=\"http:\/\/cartelesmix.es\/cartelesdecine\/wp-content\/uploads\/2018\/06\/horafria06007-165x240.jpg\" alt=\"\" width=\"165\" height=\"240\" srcset=\"https:\/\/cartelesmix.es\/cartelesdecine\/wp-content\/uploads\/2018\/06\/horafria06007-165x240.jpg 165w, https:\/\/cartelesmix.es\/cartelesdecine\/wp-content\/uploads\/2018\/06\/horafria06007-768x1120.jpg 768w, https:\/\/cartelesmix.es\/cartelesdecine\/wp-content\/uploads\/2018\/06\/horafria06007.jpg 1714w\" sizes=\"auto, (max-width: 165px) 100vw, 165px\" \/><\/a><\/p>\n","protected":false},"excerpt":{"rendered":"<p>Pa\u00eds: Espa\u00f1a\u00a0\u00a0 \/\u00a0\u00a0 G\u00e9nero: Ciencia ficci\u00f3n. Fant\u00e1stico. Terror | Zombis Direcci\u00f3n: Elio Quiroga Guion: Elio Quiroga M\u00fasica: Alfons Conde Fotograf\u00eda: \u00c1ngel Luis Fern\u00e1ndez Reparto: Silke, Carola Manzanares, Jorge Casalduero, Omar Mu\u00f1oz, Nadia de Santiago, Julio Perill\u00e1n, Pepo Oliva, Pablo Scola, Sergio Villanueva, Marco Gonz\u00e1lez Productora: Eqlipse P.C. Web oficial: http:\/\/www.lahorafria.com\/ Sinopsis: Tras la \u00faltima Gran &hellip; <\/p>\n<p class=\"link-more\"><a href=\"https:\/\/cartelesmix.es\/cartelesdecine\/?p=13560\" class=\"more-link\">Continuar leyendo<span class=\"screen-reader-text\"> \u00abLa hora fr\u00eda (La hora fr\u00eda) (2006)\u00bb<\/span><\/a><\/p>\n","protected":false},"author":1,"featured_media":0,"comment_status":"closed","ping_status":"closed","sticky":false,"template":"","format":"standard","meta":{"footnotes":""},"categories":[2],"tags":[],"class_list":["post-13560","post","type-post","status-publish","format-standard","hentry","category-peliculas"],"_links":{"self":[{"href":"https:\/\/cartelesmix.es\/cartelesdecine\/index.php?rest_route=\/wp\/v2\/posts\/13560","targetHints":{"allow":["GET"]}}],"collection":[{"href":"https:\/\/cartelesmix.es\/cartelesdecine\/index.php?rest_route=\/wp\/v2\/posts"}],"about":[{"href":"https:\/\/cartelesmix.es\/cartelesdecine\/index.php?rest_route=\/wp\/v2\/types\/post"}],"author":[{"embeddable":true,"href":"https:\/\/cartelesmix.es\/cartelesdecine\/index.php?rest_route=\/wp\/v2\/users\/1"}],"replies":[{"embeddable":true,"href":"https:\/\/cartelesmix.es\/cartelesdecine\/index.php?rest_route=%2Fwp%2Fv2%2Fcomments&post=13560"}],"version-history":[{"count":3,"href":"https:\/\/cartelesmix.es\/cartelesdecine\/index.php?rest_route=\/wp\/v2\/posts\/13560\/revisions"}],"predecessor-version":[{"id":163104,"href":"https:\/\/cartelesmix.es\/cartelesdecine\/index.php?rest_route=\/wp\/v2\/posts\/13560\/revisions\/163104"}],"wp:attachment":[{"href":"https:\/\/cartelesmix.es\/cartelesdecine\/index.php?rest_route=%2Fwp%2Fv2%2Fmedia&parent=13560"}],"wp:term":[{"taxonomy":"category","embeddable":true,"href":"https:\/\/cartelesmix.es\/cartelesdecine\/index.php?rest_route=%2Fwp%2Fv2%2Fcategories&post=13560"},{"taxonomy":"post_tag","embeddable":true,"href":"https:\/\/cartelesmix.es\/cartelesdecine\/index.php?rest_route=%2Fwp%2Fv2%2Ftags&post=13560"}],"curies":[{"name":"wp","href":"https:\/\/api.w.org\/{rel}","templated":true}]}}