{"id":13952,"date":"2018-06-13T21:10:11","date_gmt":"2018-06-13T19:10:11","guid":{"rendered":"http:\/\/www.mixcarteles.com\/cartelesmix\/?p=13952"},"modified":"2018-06-13T13:25:16","modified_gmt":"2018-06-13T11:25:16","slug":"la-senorita-das-fraulein-das-fraulein-2006","status":"publish","type":"post","link":"https:\/\/cartelesmix.es\/cartelesdecine\/?p=13952","title":{"rendered":"Fraulein (La se\u00f1orita) (Das Fr\u00e4ulein) (2006)"},"content":{"rendered":"<p>Pa\u00eds: Suiza\u00a0\u00a0\u00a0 \/\u00a0\u00a0 G\u00e9nero: Drama | Inmigraci\u00f3n. Amistad. Enfermedad<br \/>\nDirecci\u00f3n: Andrea Staka<br \/>\nReparto: Mirjana Karanovic, Marija Skaricic, Ljubica Jovic, Andrea Zogg, Pablo Aguilar, Zdenko Jelcic, Tiziana Jelmini, David Imhoof, Kenneth Huber, Sebastian Kr\u00e4henb\u00fchl<br \/>\nProductora: Dschoint Ventschr Filmproduktion AG \/ Quinte Film GmbH \/ Schweizer Fernsehen \/ Zweites Deutsches Fernsehen<\/p>\n<p>Sinopsis:<br \/>\nCuando era joven, Ruza dej\u00f3 Belgrado y emigr\u00f3 a Suiza con la esperanza de emprender all\u00ed una nueva vida. 25 a\u00f1os despu\u00e9s, todo parece indicar que ha cumplido sus objetivos: es due\u00f1a de un comedor en Zurich que regenta con mano firme y buenos resultados econ\u00f3micos. Ruza est\u00e1 muy apegada a su rutina diaria, estructurada meticulosamente, pero su ordenado mundo da un vuelco cuando entra en escena Anna, una joven de veintid\u00f3s a\u00f1os procedente de Sarajevo. Ruza se siente amenazada por la conducta impulsiva de la joven, aunque tambi\u00e9n experimenta el magnetismo de su gran energ\u00eda vital. Poco a poco va creciendo la amistad entre estas dos mujeres que, sin embargo, no consiguen salvar la doble barrera que las separa: el temor que siente Ruza a la hora de abrirse por completo a los dem\u00e1s y un secreto inconfesable de Ana.<br \/>\nPremios:<br \/>\n2006: Festival de Locarno: Mejor pel\u00edcula<br \/>\n2006: Festival de Valladolid &#8211; Seminci: Premio FIPRESCI<br \/>\n2006: Festival de Sarajevo: Mejor pel\u00edcula y Mejor actriz (Marija Skaricic)<\/p>\n<p><a href=\"http:\/\/cartelesmix.es\/cartelesdecine\/wp-content\/uploads\/2018\/06\/fraulein06001.jpg\" target=\"_blank\" rel=\"noopener\"><img loading=\"lazy\" decoding=\"async\" class=\"alignnone wp-image-163635 size-medium\" src=\"http:\/\/cartelesmix.es\/cartelesdecine\/wp-content\/uploads\/2018\/06\/fraulein06001-170x240.jpg\" alt=\"\" width=\"170\" height=\"240\" srcset=\"https:\/\/cartelesmix.es\/cartelesdecine\/wp-content\/uploads\/2018\/06\/fraulein06001-170x240.jpg 170w, https:\/\/cartelesmix.es\/cartelesdecine\/wp-content\/uploads\/2018\/06\/fraulein06001-768x1086.jpg 768w, https:\/\/cartelesmix.es\/cartelesdecine\/wp-content\/uploads\/2018\/06\/fraulein06001.jpg 1079w\" sizes=\"auto, (max-width: 170px) 100vw, 170px\" \/><\/a><\/p>\n","protected":false},"excerpt":{"rendered":"<p>Pa\u00eds: Suiza\u00a0\u00a0\u00a0 \/\u00a0\u00a0 G\u00e9nero: Drama | Inmigraci\u00f3n. Amistad. Enfermedad Direcci\u00f3n: Andrea Staka Reparto: Mirjana Karanovic, Marija Skaricic, Ljubica Jovic, Andrea Zogg, Pablo Aguilar, Zdenko Jelcic, Tiziana Jelmini, David Imhoof, Kenneth Huber, Sebastian Kr\u00e4henb\u00fchl Productora: Dschoint Ventschr Filmproduktion AG \/ Quinte Film GmbH \/ Schweizer Fernsehen \/ Zweites Deutsches Fernsehen Sinopsis: Cuando era joven, Ruza dej\u00f3 &hellip; <\/p>\n<p class=\"link-more\"><a href=\"https:\/\/cartelesmix.es\/cartelesdecine\/?p=13952\" class=\"more-link\">Continuar leyendo<span class=\"screen-reader-text\"> \u00abFraulein (La se\u00f1orita) (Das Fr\u00e4ulein) (2006)\u00bb<\/span><\/a><\/p>\n","protected":false},"author":1,"featured_media":0,"comment_status":"closed","ping_status":"closed","sticky":false,"template":"","format":"standard","meta":{"footnotes":""},"categories":[2],"tags":[],"class_list":["post-13952","post","type-post","status-publish","format-standard","hentry","category-peliculas"],"_links":{"self":[{"href":"https:\/\/cartelesmix.es\/cartelesdecine\/index.php?rest_route=\/wp\/v2\/posts\/13952","targetHints":{"allow":["GET"]}}],"collection":[{"href":"https:\/\/cartelesmix.es\/cartelesdecine\/index.php?rest_route=\/wp\/v2\/posts"}],"about":[{"href":"https:\/\/cartelesmix.es\/cartelesdecine\/index.php?rest_route=\/wp\/v2\/types\/post"}],"author":[{"embeddable":true,"href":"https:\/\/cartelesmix.es\/cartelesdecine\/index.php?rest_route=\/wp\/v2\/users\/1"}],"replies":[{"embeddable":true,"href":"https:\/\/cartelesmix.es\/cartelesdecine\/index.php?rest_route=%2Fwp%2Fv2%2Fcomments&post=13952"}],"version-history":[{"count":3,"href":"https:\/\/cartelesmix.es\/cartelesdecine\/index.php?rest_route=\/wp\/v2\/posts\/13952\/revisions"}],"predecessor-version":[{"id":163680,"href":"https:\/\/cartelesmix.es\/cartelesdecine\/index.php?rest_route=\/wp\/v2\/posts\/13952\/revisions\/163680"}],"wp:attachment":[{"href":"https:\/\/cartelesmix.es\/cartelesdecine\/index.php?rest_route=%2Fwp%2Fv2%2Fmedia&parent=13952"}],"wp:term":[{"taxonomy":"category","embeddable":true,"href":"https:\/\/cartelesmix.es\/cartelesdecine\/index.php?rest_route=%2Fwp%2Fv2%2Fcategories&post=13952"},{"taxonomy":"post_tag","embeddable":true,"href":"https:\/\/cartelesmix.es\/cartelesdecine\/index.php?rest_route=%2Fwp%2Fv2%2Ftags&post=13952"}],"curies":[{"name":"wp","href":"https:\/\/api.w.org\/{rel}","templated":true}]}}