{"id":13967,"date":"2018-06-13T21:13:41","date_gmt":"2018-06-13T19:13:41","guid":{"rendered":"http:\/\/www.mixcarteles.com\/cartelesmix\/?p=13967"},"modified":"2018-06-13T13:47:25","modified_gmt":"2018-06-13T11:47:25","slug":"la-sombra-de-nadie-la-sombra-de-nadie-2006","status":"publish","type":"post","link":"https:\/\/cartelesmix.es\/cartelesdecine\/?p=13967","title":{"rendered":"La sombra de nadie (La sombra de nadie) (2006)"},"content":{"rendered":"<p>Pa\u00eds: Espa\u00f1a\u00a0\u00a0\u00a0 \/\u00a0\u00a0 G\u00e9nero: Drama. Thriller | A\u00f1os 60<br \/>\nDirecci\u00f3n: Pablo Malo<br \/>\nReparto: Jos\u00e9 Luis Garc\u00eda-P\u00e9rez, Philippine Leroy-Beaulieu, Manuel Mor\u00f3n, Vicente Romero, Andr\u00e9s Gertrudix, Andrea Villanueva, I\u00f1ake Irastorza, Zorion Egileor, Mar\u00eda Jes\u00fas Vald\u00e9s<br \/>\nProductora: Zine 1 \/ Media Films. Distribuida por Manga Films<\/p>\n<p>Sinopsis:<br \/>\nEl invierno de 1967 toca a su fin. Laura, una ni\u00f1a de nueve a\u00f1os, aparece ahogada en un humedal pirenaico pr\u00f3ximo a un internado. Un mes despu\u00e9s, Marco se instala en la buhardilla de una casa aislada en la monta\u00f1a. Mientras tanto, Julia, la directora del internado, es testigo de los extra\u00f1os sucesos relacionados con M\u00f3nica, la compa\u00f1era de habitaci\u00f3n de Laura.<\/p>\n<p><a href=\"http:\/\/cartelesmix.es\/cartelesdecine\/wp-content\/uploads\/2018\/06\/sombradenadie06001.jpg\" target=\"_blank\" rel=\"noopener\"><img loading=\"lazy\" decoding=\"async\" class=\"alignnone wp-image-163665 size-medium\" src=\"http:\/\/cartelesmix.es\/cartelesdecine\/wp-content\/uploads\/2018\/06\/sombradenadie06001-169x240.jpg\" alt=\"\" width=\"169\" height=\"240\" srcset=\"https:\/\/cartelesmix.es\/cartelesdecine\/wp-content\/uploads\/2018\/06\/sombradenadie06001-169x240.jpg 169w, https:\/\/cartelesmix.es\/cartelesdecine\/wp-content\/uploads\/2018\/06\/sombradenadie06001-768x1093.jpg 768w, https:\/\/cartelesmix.es\/cartelesdecine\/wp-content\/uploads\/2018\/06\/sombradenadie06001.jpg 1054w\" sizes=\"auto, (max-width: 169px) 100vw, 169px\" \/><\/a><\/p>\n","protected":false},"excerpt":{"rendered":"<p>Pa\u00eds: Espa\u00f1a\u00a0\u00a0\u00a0 \/\u00a0\u00a0 G\u00e9nero: Drama. Thriller | A\u00f1os 60 Direcci\u00f3n: Pablo Malo Reparto: Jos\u00e9 Luis Garc\u00eda-P\u00e9rez, Philippine Leroy-Beaulieu, Manuel Mor\u00f3n, Vicente Romero, Andr\u00e9s Gertrudix, Andrea Villanueva, I\u00f1ake Irastorza, Zorion Egileor, Mar\u00eda Jes\u00fas Vald\u00e9s Productora: Zine 1 \/ Media Films. Distribuida por Manga Films Sinopsis: El invierno de 1967 toca a su fin. Laura, una ni\u00f1a &hellip; <\/p>\n<p class=\"link-more\"><a href=\"https:\/\/cartelesmix.es\/cartelesdecine\/?p=13967\" class=\"more-link\">Continuar leyendo<span class=\"screen-reader-text\"> \u00abLa sombra de nadie (La sombra de nadie) (2006)\u00bb<\/span><\/a><\/p>\n","protected":false},"author":1,"featured_media":0,"comment_status":"closed","ping_status":"closed","sticky":false,"template":"","format":"standard","meta":{"footnotes":""},"categories":[2],"tags":[],"class_list":["post-13967","post","type-post","status-publish","format-standard","hentry","category-peliculas"],"_links":{"self":[{"href":"https:\/\/cartelesmix.es\/cartelesdecine\/index.php?rest_route=\/wp\/v2\/posts\/13967","targetHints":{"allow":["GET"]}}],"collection":[{"href":"https:\/\/cartelesmix.es\/cartelesdecine\/index.php?rest_route=\/wp\/v2\/posts"}],"about":[{"href":"https:\/\/cartelesmix.es\/cartelesdecine\/index.php?rest_route=\/wp\/v2\/types\/post"}],"author":[{"embeddable":true,"href":"https:\/\/cartelesmix.es\/cartelesdecine\/index.php?rest_route=\/wp\/v2\/users\/1"}],"replies":[{"embeddable":true,"href":"https:\/\/cartelesmix.es\/cartelesdecine\/index.php?rest_route=%2Fwp%2Fv2%2Fcomments&post=13967"}],"version-history":[{"count":3,"href":"https:\/\/cartelesmix.es\/cartelesdecine\/index.php?rest_route=\/wp\/v2\/posts\/13967\/revisions"}],"predecessor-version":[{"id":163688,"href":"https:\/\/cartelesmix.es\/cartelesdecine\/index.php?rest_route=\/wp\/v2\/posts\/13967\/revisions\/163688"}],"wp:attachment":[{"href":"https:\/\/cartelesmix.es\/cartelesdecine\/index.php?rest_route=%2Fwp%2Fv2%2Fmedia&parent=13967"}],"wp:term":[{"taxonomy":"category","embeddable":true,"href":"https:\/\/cartelesmix.es\/cartelesdecine\/index.php?rest_route=%2Fwp%2Fv2%2Fcategories&post=13967"},{"taxonomy":"post_tag","embeddable":true,"href":"https:\/\/cartelesmix.es\/cartelesdecine\/index.php?rest_route=%2Fwp%2Fv2%2Ftags&post=13967"}],"curies":[{"name":"wp","href":"https:\/\/api.w.org\/{rel}","templated":true}]}}