{"id":14776,"date":"2010-03-19T10:39:55","date_gmt":"2010-03-19T09:39:55","guid":{"rendered":"http:\/\/www.mixcarteles.com\/cartelesmix\/?p=14776"},"modified":"2017-11-12T11:47:04","modified_gmt":"2017-11-12T11:47:04","slug":"soy-un-pelele-soy-un-pelele-2008","status":"publish","type":"post","link":"https:\/\/cartelesmix.es\/cartelesdecine\/?p=14776","title":{"rendered":"\u00a1Soy un pelele! (\u00a1Soy un pelele!) (2008)"},"content":{"rendered":"<div><strong>G\u00e9nero:<\/strong> Comedia\u00a0\u00a0\u00a0 <strong>Pa\u00eds:<\/strong> Espa\u00f1a<\/div>\n<div><strong>Direcci\u00f3n:<\/strong>\u00a0 Hern\u00e1n Migoya<\/div>\n<div>\n<div><strong>Interpretaci\u00f3n:<\/strong>\u00a0 Roberto Sanmart\u00edn, Rosa Boladeras, Liberto rabal, Carles Flavi\u00e1, H\u00e9ctor Claramunt, Paco Calatrava, Eduardo Gonz\u00e1lez, Chiqui Mart\u00ed, Jordi Ord\u00f3\u00f1ez<\/div>\n<div><strong>Sinopsis:<\/strong>\u00a0 Amador Mata, el m\u00e1s reputado y premiado director deL cine espa\u00f1ol, despierta amn\u00e9sico en su casa. Su productor, necesitado de un gui\u00f3n que el director deb\u00eda entregarle y que \u00e9ste no recuerda haber escrito, recurre a una antigua colaboradora de Amador, Olvido, para ayudarle a crear en un fin de semana el gui\u00f3n. Pero Olvido tiene su propio plan: fabuladora nata y enamorada en secreto de Amador, le hace creer que ambos est\u00e1n viviendo un apasionado romance. Amador cree a pies juntillas su historia de amor con Olvido, quien deber\u00e1 evitar que \u00e9l recupere la memoria si no quiere que la realidad haga trizas su fantas\u00eda.<\/div>\n<\/div>\n<hr \/>\n<div>\n<div><strong>Carteles:<\/strong><\/div>\n<div><strong>\u00a0<\/strong><\/div>\n<div><a href=\"http:\/\/cartelesmix.es\/images\/CartelesS\/soyunpelele0801.jpg\" target=\"_blank\"><img loading=\"lazy\" decoding=\"async\" class=\"alignnone size-medium wp-image-34929\" title=\"soyunpelele0801\" src=\"http:\/\/cartelesmix.es\/images\/CartelesS\/soyunpelele0801-168x240.jpg\" alt=\"\" width=\"168\" height=\"240\" \/><\/a>\u00a0<a href=\"http:\/\/cartelesmix.es\/images\/CartelesS\/soyunpelele0802.jpg\" target=\"_blank\"><img loading=\"lazy\" decoding=\"async\" class=\"alignnone size-medium wp-image-34930\" title=\"soyunpelele0802\" src=\"http:\/\/cartelesmix.es\/images\/CartelesS\/soyunpelele0802-168x240.jpg\" alt=\"\" width=\"168\" height=\"240\" \/><\/a>\u00a0<a href=\"http:\/\/cartelesmix.es\/images\/CartelesS\/soyunpelele0803.jpg\" target=\"_blank\"><img loading=\"lazy\" decoding=\"async\" class=\"alignnone size-medium wp-image-34920\" title=\"soyunpelele0803\" src=\"http:\/\/cartelesmix.es\/images\/CartelesS\/soyunpelele0803-168x240.jpg\" alt=\"\" width=\"168\" height=\"240\" \/><\/a><\/div>\n<\/div>\n","protected":false},"excerpt":{"rendered":"<p>G\u00e9nero: Comedia\u00a0\u00a0\u00a0 Pa\u00eds: Espa\u00f1a Direcci\u00f3n:\u00a0 Hern\u00e1n Migoya Interpretaci\u00f3n:\u00a0 Roberto Sanmart\u00edn, Rosa Boladeras, Liberto rabal, Carles Flavi\u00e1, H\u00e9ctor Claramunt, Paco Calatrava, Eduardo Gonz\u00e1lez, Chiqui Mart\u00ed, Jordi Ord\u00f3\u00f1ez Sinopsis:\u00a0 Amador Mata, el m\u00e1s reputado y premiado director deL cine espa\u00f1ol, despierta amn\u00e9sico en su casa. Su productor, necesitado de un gui\u00f3n que el director deb\u00eda entregarle y &hellip; <\/p>\n<p class=\"link-more\"><a href=\"https:\/\/cartelesmix.es\/cartelesdecine\/?p=14776\" class=\"more-link\">Continuar leyendo<span class=\"screen-reader-text\"> \u00ab\u00a1Soy un pelele! (\u00a1Soy un pelele!) (2008)\u00bb<\/span><\/a><\/p>\n","protected":false},"author":1,"featured_media":0,"comment_status":"closed","ping_status":"closed","sticky":false,"template":"","format":"standard","meta":{"footnotes":""},"categories":[2],"tags":[],"class_list":["post-14776","post","type-post","status-publish","format-standard","hentry","category-peliculas"],"_links":{"self":[{"href":"https:\/\/cartelesmix.es\/cartelesdecine\/index.php?rest_route=\/wp\/v2\/posts\/14776","targetHints":{"allow":["GET"]}}],"collection":[{"href":"https:\/\/cartelesmix.es\/cartelesdecine\/index.php?rest_route=\/wp\/v2\/posts"}],"about":[{"href":"https:\/\/cartelesmix.es\/cartelesdecine\/index.php?rest_route=\/wp\/v2\/types\/post"}],"author":[{"embeddable":true,"href":"https:\/\/cartelesmix.es\/cartelesdecine\/index.php?rest_route=\/wp\/v2\/users\/1"}],"replies":[{"embeddable":true,"href":"https:\/\/cartelesmix.es\/cartelesdecine\/index.php?rest_route=%2Fwp%2Fv2%2Fcomments&post=14776"}],"version-history":[{"count":1,"href":"https:\/\/cartelesmix.es\/cartelesdecine\/index.php?rest_route=\/wp\/v2\/posts\/14776\/revisions"}],"predecessor-version":[{"id":98659,"href":"https:\/\/cartelesmix.es\/cartelesdecine\/index.php?rest_route=\/wp\/v2\/posts\/14776\/revisions\/98659"}],"wp:attachment":[{"href":"https:\/\/cartelesmix.es\/cartelesdecine\/index.php?rest_route=%2Fwp%2Fv2%2Fmedia&parent=14776"}],"wp:term":[{"taxonomy":"category","embeddable":true,"href":"https:\/\/cartelesmix.es\/cartelesdecine\/index.php?rest_route=%2Fwp%2Fv2%2Fcategories&post=14776"},{"taxonomy":"post_tag","embeddable":true,"href":"https:\/\/cartelesmix.es\/cartelesdecine\/index.php?rest_route=%2Fwp%2Fv2%2Ftags&post=14776"}],"curies":[{"name":"wp","href":"https:\/\/api.w.org\/{rel}","templated":true}]}}