{"id":14786,"date":"2010-03-19T10:42:02","date_gmt":"2010-03-19T09:42:02","guid":{"rendered":"http:\/\/www.mixcarteles.com\/cartelesmix\/?p=14786"},"modified":"2017-11-12T11:47:03","modified_gmt":"2017-11-12T11:47:03","slug":"partir-partir-2009","status":"publish","type":"post","link":"https:\/\/cartelesmix.es\/cartelesdecine\/?p=14786","title":{"rendered":"Partir (Partir) (2009)"},"content":{"rendered":"<div><strong>G\u00e9nero:<\/strong> Drama\u00a0\u00a0\u00a0 <strong>Pa\u00eds:<\/strong> Francia<\/div>\n<div>\n<div><strong>Direcci\u00f3n:<\/strong>\u00a0 Catherine Corsini<\/div>\n<\/div>\n<div>\n<div><strong>Interpretaci\u00f3n:<\/strong>\u00a0 Kristin Scott Thomas, Sergi L\u00f3pez, Yvan Attal, Bernard Blancan, Aladin Reibel, Alexandre Vidal, Daisy Broom, Berta Esquirol, G\u00e9rard Lartigau, Genevi\u00e8ve Casile, Philippe Laudenbach<\/div>\n<\/div>\n<div>\n<div><strong>Sinopsis:<\/strong>\u00a0 Suzanne, de unos 40 a\u00f1os, vive en el sur de Francia con su marido m\u00e9dico y sus hijos. Su c\u00f3moda vida le pesa y convence a su marido de que quiere volver a ejercer y abrir una consulta. Durante las obras de la misma, conoce a Iv\u00e1n, el encargado de los trabajos, un hombre que siempre ha vivido a salto de mata y que ha estado en la c\u00e1rcel. La atracci\u00f3n es mutua, inmediata y violenta. Suzanne decide dejarlo todo para dar rienda suelta a la pasi\u00f3n.<\/div>\n<\/div>\n<hr \/>\n<div>\n<div><strong>Carteles:<\/strong><\/div>\n<div><strong>\u00a0<\/strong><\/div>\n<div><a href=\"http:\/\/cartelesmix.es\/images\/CartelesP\/partir0901.jpg\" target=\"_blank\"><img loading=\"lazy\" decoding=\"async\" class=\"alignnone size-medium wp-image-34791\" title=\"partir0901\" src=\"http:\/\/cartelesmix.es\/images\/CartelesP\/partir0901-176x240.jpg\" alt=\"\" width=\"176\" height=\"240\" \/><\/a>\u00a0<a href=\"http:\/\/cartelesmix.es\/images\/CartelesP\/partir0902.jpg\" target=\"_blank\"><img loading=\"lazy\" decoding=\"async\" class=\"alignnone size-medium wp-image-34792\" title=\"partir0902\" src=\"http:\/\/cartelesmix.es\/images\/CartelesP\/partir0902-167x240.jpg\" alt=\"\" width=\"167\" height=\"240\" \/><\/a>\u00a0<a href=\"http:\/\/cartelesmix.es\/images\/CartelesP\/partir0903.jpg\" target=\"_blank\"><img loading=\"lazy\" decoding=\"async\" class=\"alignnone size-medium wp-image-34793\" title=\"partir0903\" src=\"http:\/\/cartelesmix.es\/images\/CartelesP\/partir0903-169x240.jpg\" alt=\"\" width=\"169\" height=\"240\" \/><\/a>\u00a0<a href=\"http:\/\/cartelesmix.es\/images\/CartelesP\/partir0904.jpg\" target=\"_blank\"><img loading=\"lazy\" decoding=\"async\" class=\"alignnone size-medium wp-image-34794\" title=\"partir0904\" src=\"http:\/\/cartelesmix.es\/images\/CartelesP\/partir0904-169x240.jpg\" alt=\"\" width=\"169\" height=\"240\" \/><\/a>\u00a0<a href=\"http:\/\/cartelesmix.es\/images\/CartelesP\/partir0905.jpg\" target=\"_blank\"><img loading=\"lazy\" decoding=\"async\" class=\"alignnone size-medium wp-image-34796\" title=\"partir0905\" src=\"http:\/\/cartelesmix.es\/images\/CartelesP\/partir0905-167x240.jpg\" alt=\"\" width=\"167\" height=\"240\" \/><\/a>\u00a0<a href=\"http:\/\/cartelesmix.es\/images\/CartelesP\/partir0906.jpg\" target=\"_blank\"><img loading=\"lazy\" decoding=\"async\" class=\"alignnone size-medium wp-image-34798\" title=\"partir0906\" src=\"http:\/\/cartelesmix.es\/images\/CartelesP\/partir0906-167x240.jpg\" alt=\"\" width=\"167\" height=\"240\" \/><\/a>\u00a0<a href=\"http:\/\/cartelesmix.es\/images\/CartelesP\/partir0907.jpg\" target=\"_blank\"><img loading=\"lazy\" decoding=\"async\" class=\"alignnone size-medium wp-image-34799\" title=\"partir0907\" src=\"http:\/\/cartelesmix.es\/images\/CartelesP\/partir0907-168x240.jpg\" alt=\"\" width=\"168\" height=\"240\" \/><\/a>\u00a0<a href=\"http:\/\/cartelesmix.es\/images\/CartelesP\/partir0908.jpg\" target=\"_blank\"><img loading=\"lazy\" decoding=\"async\" class=\"alignnone size-medium wp-image-34800\" title=\"partir0908\" src=\"http:\/\/cartelesmix.es\/images\/CartelesP\/partir0908-178x240.jpg\" alt=\"\" width=\"178\" height=\"240\" \/><\/a>\u00a0<a href=\"http:\/\/cartelesmix.es\/images\/CartelesP\/partir0909.jpg\" target=\"_blank\"><img loading=\"lazy\" decoding=\"async\" class=\"alignnone size-medium wp-image-34801\" title=\"partir0909\" src=\"http:\/\/cartelesmix.es\/images\/CartelesP\/partir0909-168x240.jpg\" alt=\"\" width=\"168\" height=\"240\" \/><\/a>\u00a0<a href=\"http:\/\/cartelesmix.es\/images\/CartelesP\/partir0910.jpg\" target=\"_blank\"><img loading=\"lazy\" decoding=\"async\" class=\"alignnone size-medium wp-image-34802\" title=\"partir0910\" src=\"http:\/\/cartelesmix.es\/images\/CartelesP\/partir0910-170x240.jpg\" alt=\"\" width=\"170\" height=\"240\" \/><\/a>\u00a0<a href=\"http:\/\/cartelesmix.es\/images\/CartelesP\/partir0911.jpg\" target=\"_blank\"><img loading=\"lazy\" decoding=\"async\" class=\"alignnone size-medium wp-image-34803\" title=\"partir0911\" src=\"http:\/\/cartelesmix.es\/images\/CartelesP\/partir0911-169x240.jpg\" alt=\"\" width=\"169\" height=\"240\" \/><\/a>\u00a0<a href=\"http:\/\/cartelesmix.es\/images\/CartelesP\/partir0912.jpg\" target=\"_blank\"><img loading=\"lazy\" decoding=\"async\" class=\"alignnone size-medium wp-image-34804\" title=\"partir0912\" src=\"http:\/\/cartelesmix.es\/images\/CartelesP\/partir0912-172x240.jpg\" alt=\"\" width=\"172\" height=\"240\" \/><\/a>\u00a0<a href=\"http:\/\/cartelesmix.es\/images\/CartelesP\/partir0913.jpg\" target=\"_blank\"><img loading=\"lazy\" decoding=\"async\" class=\"alignnone size-medium wp-image-34790\" title=\"partir0913\" src=\"http:\/\/cartelesmix.es\/images\/CartelesP\/partir0913-163x240.jpg\" alt=\"\" width=\"163\" height=\"240\" \/><\/a><\/div>\n<\/div>\n","protected":false},"excerpt":{"rendered":"<p>G\u00e9nero: Drama\u00a0\u00a0\u00a0 Pa\u00eds: Francia Direcci\u00f3n:\u00a0 Catherine Corsini Interpretaci\u00f3n:\u00a0 Kristin Scott Thomas, Sergi L\u00f3pez, Yvan Attal, Bernard Blancan, Aladin Reibel, Alexandre Vidal, Daisy Broom, Berta Esquirol, G\u00e9rard Lartigau, Genevi\u00e8ve Casile, Philippe Laudenbach Sinopsis:\u00a0 Suzanne, de unos 40 a\u00f1os, vive en el sur de Francia con su marido m\u00e9dico y sus hijos. Su c\u00f3moda vida le pesa &hellip; <\/p>\n<p class=\"link-more\"><a href=\"https:\/\/cartelesmix.es\/cartelesdecine\/?p=14786\" class=\"more-link\">Continuar leyendo<span class=\"screen-reader-text\"> \u00abPartir (Partir) (2009)\u00bb<\/span><\/a><\/p>\n","protected":false},"author":1,"featured_media":0,"comment_status":"closed","ping_status":"closed","sticky":false,"template":"","format":"standard","meta":{"footnotes":""},"categories":[2],"tags":[],"class_list":["post-14786","post","type-post","status-publish","format-standard","hentry","category-peliculas"],"_links":{"self":[{"href":"https:\/\/cartelesmix.es\/cartelesdecine\/index.php?rest_route=\/wp\/v2\/posts\/14786","targetHints":{"allow":["GET"]}}],"collection":[{"href":"https:\/\/cartelesmix.es\/cartelesdecine\/index.php?rest_route=\/wp\/v2\/posts"}],"about":[{"href":"https:\/\/cartelesmix.es\/cartelesdecine\/index.php?rest_route=\/wp\/v2\/types\/post"}],"author":[{"embeddable":true,"href":"https:\/\/cartelesmix.es\/cartelesdecine\/index.php?rest_route=\/wp\/v2\/users\/1"}],"replies":[{"embeddable":true,"href":"https:\/\/cartelesmix.es\/cartelesdecine\/index.php?rest_route=%2Fwp%2Fv2%2Fcomments&post=14786"}],"version-history":[{"count":1,"href":"https:\/\/cartelesmix.es\/cartelesdecine\/index.php?rest_route=\/wp\/v2\/posts\/14786\/revisions"}],"predecessor-version":[{"id":98649,"href":"https:\/\/cartelesmix.es\/cartelesdecine\/index.php?rest_route=\/wp\/v2\/posts\/14786\/revisions\/98649"}],"wp:attachment":[{"href":"https:\/\/cartelesmix.es\/cartelesdecine\/index.php?rest_route=%2Fwp%2Fv2%2Fmedia&parent=14786"}],"wp:term":[{"taxonomy":"category","embeddable":true,"href":"https:\/\/cartelesmix.es\/cartelesdecine\/index.php?rest_route=%2Fwp%2Fv2%2Fcategories&post=14786"},{"taxonomy":"post_tag","embeddable":true,"href":"https:\/\/cartelesmix.es\/cartelesdecine\/index.php?rest_route=%2Fwp%2Fv2%2Ftags&post=14786"}],"curies":[{"name":"wp","href":"https:\/\/api.w.org\/{rel}","templated":true}]}}