{"id":14801,"date":"2010-03-19T10:45:44","date_gmt":"2010-03-19T09:45:44","guid":{"rendered":"http:\/\/www.mixcarteles.com\/cartelesmix\/?p=14801"},"modified":"2017-11-12T11:47:01","modified_gmt":"2017-11-12T11:47:01","slug":"el-baile-de-la-victoria-el-baile-de-la-victoria-2009","status":"publish","type":"post","link":"https:\/\/cartelesmix.es\/cartelesdecine\/?p=14801","title":{"rendered":"El baile de la Victoria (El baile de la Victoria) (2009)"},"content":{"rendered":"<div><strong>G\u00e9nero:<\/strong> Drama\u00a0\u00a0\u00a0 <strong>Pa\u00eds:<\/strong> Espa\u00f1a<\/div>\n<div><strong>Direcci\u00f3n:<\/strong>\u00a0 Fernando Trueba<\/div>\n<div>\n<div><strong>Interpretaci\u00f3n:<\/strong>\u00a0 Ricardo Dar\u00edn, Abel Ayala, Miranda Bodenhofer, Ariadna Gil, Julio Jung, Mario Guerra, Marcia Hayd\u00e9e, Mariana Loyola, Catalina Saavedra, Antonio Sk\u00e1rmeta<\/div>\n<div>\n<div><strong>Sinopsis:<\/strong>\u00a0 Con la llegada de la democracia, el presidente de Chile decreta una amnist\u00eda general para todos los presos sin delitos de sangre. Entre ellos se encuentran el joven \u00c1ngel Santiago y el veterano Vergara Grey, un famoso ladr\u00f3n de cajas fuertes. Sus planes no pueden ser m\u00e1s opuestos. Mientras Vergara Grey s\u00f3lo quiere recuperar a su familia y cambiar de vida, \u00c1ngel sue\u00f1a con vengarse del alcaide y dar un gran golpe. Pero en su camino se cruza la joven Victoria; las vidas de los tres sufren un cambio total que les llevar\u00e1 a enfrentarse con un nuevo destino.<\/div>\n<\/div>\n<\/div>\n<hr \/>\n<div>\n<div><strong>Carteles:<\/strong><\/div>\n<div><strong>\u00a0<\/strong><\/div>\n<div><a href=\"http:\/\/cartelesmix.es\/images\/CartelesB\/bailedelavictoria0901.jpg\" target=\"_blank\"><img loading=\"lazy\" decoding=\"async\" class=\"alignnone size-medium wp-image-30553\" title=\"bailedelavictoria0901\" src=\"http:\/\/cartelesmix.es\/images\/CartelesB\/bailedelavictoria0901-168x240.jpg\" alt=\"\" width=\"168\" height=\"240\" \/><\/a>\u00a0<a href=\"http:\/\/cartelesmix.es\/images\/CartelesB\/bailedelavictoria0902.jpg\" target=\"_blank\"><img loading=\"lazy\" decoding=\"async\" class=\"alignnone size-medium wp-image-30554\" title=\"bailedelavictoria0902\" src=\"http:\/\/cartelesmix.es\/images\/CartelesB\/bailedelavictoria0902-160x240.jpg\" alt=\"\" width=\"160\" height=\"240\" \/><\/a>\u00a0<a href=\"http:\/\/cartelesmix.es\/images\/CartelesB\/bailedelavictoria0903.jpg\" target=\"_blank\"><img loading=\"lazy\" decoding=\"async\" class=\"alignnone size-medium wp-image-30552\" title=\"bailedelavictoria0903\" src=\"http:\/\/cartelesmix.es\/images\/CartelesB\/bailedelavictoria0903-167x240.jpg\" alt=\"\" width=\"167\" height=\"240\" \/><\/a><\/div>\n<\/div>\n","protected":false},"excerpt":{"rendered":"<p>G\u00e9nero: Drama\u00a0\u00a0\u00a0 Pa\u00eds: Espa\u00f1a Direcci\u00f3n:\u00a0 Fernando Trueba Interpretaci\u00f3n:\u00a0 Ricardo Dar\u00edn, Abel Ayala, Miranda Bodenhofer, Ariadna Gil, Julio Jung, Mario Guerra, Marcia Hayd\u00e9e, Mariana Loyola, Catalina Saavedra, Antonio Sk\u00e1rmeta Sinopsis:\u00a0 Con la llegada de la democracia, el presidente de Chile decreta una amnist\u00eda general para todos los presos sin delitos de sangre. Entre ellos se encuentran &hellip; <\/p>\n<p class=\"link-more\"><a href=\"https:\/\/cartelesmix.es\/cartelesdecine\/?p=14801\" class=\"more-link\">Continuar leyendo<span class=\"screen-reader-text\"> \u00abEl baile de la Victoria (El baile de la Victoria) (2009)\u00bb<\/span><\/a><\/p>\n","protected":false},"author":1,"featured_media":0,"comment_status":"closed","ping_status":"closed","sticky":false,"template":"","format":"standard","meta":{"footnotes":""},"categories":[2],"tags":[],"class_list":["post-14801","post","type-post","status-publish","format-standard","hentry","category-peliculas"],"_links":{"self":[{"href":"https:\/\/cartelesmix.es\/cartelesdecine\/index.php?rest_route=\/wp\/v2\/posts\/14801","targetHints":{"allow":["GET"]}}],"collection":[{"href":"https:\/\/cartelesmix.es\/cartelesdecine\/index.php?rest_route=\/wp\/v2\/posts"}],"about":[{"href":"https:\/\/cartelesmix.es\/cartelesdecine\/index.php?rest_route=\/wp\/v2\/types\/post"}],"author":[{"embeddable":true,"href":"https:\/\/cartelesmix.es\/cartelesdecine\/index.php?rest_route=\/wp\/v2\/users\/1"}],"replies":[{"embeddable":true,"href":"https:\/\/cartelesmix.es\/cartelesdecine\/index.php?rest_route=%2Fwp%2Fv2%2Fcomments&post=14801"}],"version-history":[{"count":1,"href":"https:\/\/cartelesmix.es\/cartelesdecine\/index.php?rest_route=\/wp\/v2\/posts\/14801\/revisions"}],"predecessor-version":[{"id":98634,"href":"https:\/\/cartelesmix.es\/cartelesdecine\/index.php?rest_route=\/wp\/v2\/posts\/14801\/revisions\/98634"}],"wp:attachment":[{"href":"https:\/\/cartelesmix.es\/cartelesdecine\/index.php?rest_route=%2Fwp%2Fv2%2Fmedia&parent=14801"}],"wp:term":[{"taxonomy":"category","embeddable":true,"href":"https:\/\/cartelesmix.es\/cartelesdecine\/index.php?rest_route=%2Fwp%2Fv2%2Fcategories&post=14801"},{"taxonomy":"post_tag","embeddable":true,"href":"https:\/\/cartelesmix.es\/cartelesdecine\/index.php?rest_route=%2Fwp%2Fv2%2Ftags&post=14801"}],"curies":[{"name":"wp","href":"https:\/\/api.w.org\/{rel}","templated":true}]}}