{"id":14817,"date":"2010-03-19T10:50:50","date_gmt":"2010-03-19T09:50:50","guid":{"rendered":"http:\/\/www.mixcarteles.com\/cartelesmix\/?p=14817"},"modified":"2017-11-12T11:46:59","modified_gmt":"2017-11-12T11:46:59","slug":"el-erizo-le-herisson-2009","status":"publish","type":"post","link":"https:\/\/cartelesmix.es\/cartelesdecine\/?p=14817","title":{"rendered":"El erizo (Le h\u00e9risson) (2009)"},"content":{"rendered":"<div><strong>G\u00e9nero:<\/strong> Comedia, Drama\u00a0\u00a0\u00a0 <strong>Pa\u00eds:<\/strong> Francia, Italia<\/div>\n<div>\n<div><strong>Direcci\u00f3n:<\/strong>\u00a0 Mona Achache<\/div>\n<\/div>\n<div>\n<div><strong>Interpretaci\u00f3n:<\/strong>\u00a0\u00a0 Josiane Balasko, Garance Le Guillermic, Togo Igawa, Anne Brochet, Ariane Ascaride, Wladimir Yordanoff, Sarah Lepicard, Jean-Luc Porraz, Gis\u00e8le Casadesus<\/div>\n<div><strong>Sinopsis:<\/strong>\u00a0 Relato del encuentro inesperado entre algunos de los habitantes del n\u00famero 7 de la calle Grenelle, en Par\u00eds: Paloma Josse, una ni\u00f1a de once a\u00f1os tremendamente inteligente y con un plan secreto; Ren\u00e9e Michel, portera discreta y solitaria que bajo su apariencia de inculta y arisca oculta en realidad una personalidad inteligente y cultivada, y el enigm\u00e1tico se\u00f1or Kakuro Ozu, un japon\u00e9s que acaba de mudarse al edificio.<\/div>\n<\/div>\n<hr \/>\n<div>\n<div><strong>Carteles:<\/strong><\/div>\n<div><strong>\u00a0<\/strong><\/div>\n<div><a href=\"http:\/\/cartelesmix.es\/images\/CartelesE\/erizo0901.jpg\" target=\"_blank\"><img loading=\"lazy\" decoding=\"async\" class=\"alignnone size-medium wp-image-34344\" title=\"erizo0901\" src=\"http:\/\/cartelesmix.es\/images\/CartelesE\/erizo0901-169x240.jpg\" alt=\"\" width=\"169\" height=\"240\" \/><\/a>\u00a0<a href=\"http:\/\/cartelesmix.es\/images\/CartelesE\/erizo0902.jpg\" target=\"_blank\"><img loading=\"lazy\" decoding=\"async\" class=\"alignnone size-medium wp-image-34345\" title=\"erizo0902\" src=\"http:\/\/cartelesmix.es\/images\/CartelesE\/erizo0902-176x240.jpg\" alt=\"\" width=\"176\" height=\"240\" \/><\/a>\u00a0<a href=\"http:\/\/cartelesmix.es\/images\/CartelesE\/erizo0903.jpg\" target=\"_blank\"><img loading=\"lazy\" decoding=\"async\" class=\"alignnone size-medium wp-image-34346\" title=\"erizo0903\" src=\"http:\/\/cartelesmix.es\/images\/CartelesE\/erizo0903-168x240.jpg\" alt=\"\" width=\"168\" height=\"240\" \/><\/a>\u00a0<a href=\"http:\/\/cartelesmix.es\/images\/CartelesE\/erizo0904.jpg\" target=\"_blank\"><img loading=\"lazy\" decoding=\"async\" class=\"alignnone size-medium wp-image-34347\" title=\"erizo0904\" src=\"http:\/\/cartelesmix.es\/images\/CartelesE\/erizo0904-169x240.jpg\" alt=\"\" width=\"169\" height=\"240\" \/><\/a>\u00a0<a href=\"http:\/\/cartelesmix.es\/images\/CartelesE\/erizo0905.jpg\" target=\"_blank\"><img loading=\"lazy\" decoding=\"async\" class=\"alignnone size-medium wp-image-34343\" title=\"erizo0905\" src=\"http:\/\/cartelesmix.es\/images\/CartelesE\/erizo0905-175x240.jpg\" alt=\"\" width=\"175\" height=\"240\" \/><\/a><\/div>\n<\/div>\n","protected":false},"excerpt":{"rendered":"<p>G\u00e9nero: Comedia, Drama\u00a0\u00a0\u00a0 Pa\u00eds: Francia, Italia Direcci\u00f3n:\u00a0 Mona Achache Interpretaci\u00f3n:\u00a0\u00a0 Josiane Balasko, Garance Le Guillermic, Togo Igawa, Anne Brochet, Ariane Ascaride, Wladimir Yordanoff, Sarah Lepicard, Jean-Luc Porraz, Gis\u00e8le Casadesus Sinopsis:\u00a0 Relato del encuentro inesperado entre algunos de los habitantes del n\u00famero 7 de la calle Grenelle, en Par\u00eds: Paloma Josse, una ni\u00f1a de once a\u00f1os &hellip; <\/p>\n<p class=\"link-more\"><a href=\"https:\/\/cartelesmix.es\/cartelesdecine\/?p=14817\" class=\"more-link\">Continuar leyendo<span class=\"screen-reader-text\"> \u00abEl erizo (Le h\u00e9risson) (2009)\u00bb<\/span><\/a><\/p>\n","protected":false},"author":1,"featured_media":0,"comment_status":"closed","ping_status":"closed","sticky":false,"template":"","format":"standard","meta":{"footnotes":""},"categories":[2],"tags":[],"class_list":["post-14817","post","type-post","status-publish","format-standard","hentry","category-peliculas"],"_links":{"self":[{"href":"https:\/\/cartelesmix.es\/cartelesdecine\/index.php?rest_route=\/wp\/v2\/posts\/14817","targetHints":{"allow":["GET"]}}],"collection":[{"href":"https:\/\/cartelesmix.es\/cartelesdecine\/index.php?rest_route=\/wp\/v2\/posts"}],"about":[{"href":"https:\/\/cartelesmix.es\/cartelesdecine\/index.php?rest_route=\/wp\/v2\/types\/post"}],"author":[{"embeddable":true,"href":"https:\/\/cartelesmix.es\/cartelesdecine\/index.php?rest_route=\/wp\/v2\/users\/1"}],"replies":[{"embeddable":true,"href":"https:\/\/cartelesmix.es\/cartelesdecine\/index.php?rest_route=%2Fwp%2Fv2%2Fcomments&post=14817"}],"version-history":[{"count":1,"href":"https:\/\/cartelesmix.es\/cartelesdecine\/index.php?rest_route=\/wp\/v2\/posts\/14817\/revisions"}],"predecessor-version":[{"id":98619,"href":"https:\/\/cartelesmix.es\/cartelesdecine\/index.php?rest_route=\/wp\/v2\/posts\/14817\/revisions\/98619"}],"wp:attachment":[{"href":"https:\/\/cartelesmix.es\/cartelesdecine\/index.php?rest_route=%2Fwp%2Fv2%2Fmedia&parent=14817"}],"wp:term":[{"taxonomy":"category","embeddable":true,"href":"https:\/\/cartelesmix.es\/cartelesdecine\/index.php?rest_route=%2Fwp%2Fv2%2Fcategories&post=14817"},{"taxonomy":"post_tag","embeddable":true,"href":"https:\/\/cartelesmix.es\/cartelesdecine\/index.php?rest_route=%2Fwp%2Fv2%2Ftags&post=14817"}],"curies":[{"name":"wp","href":"https:\/\/api.w.org\/{rel}","templated":true}]}}