{"id":14818,"date":"2010-03-19T10:51:05","date_gmt":"2010-03-19T09:51:05","guid":{"rendered":"http:\/\/www.mixcarteles.com\/cartelesmix\/?p=14818"},"modified":"2017-11-12T11:46:59","modified_gmt":"2017-11-12T11:46:59","slug":"mal-dia-para-pescar-mal-dia-para-pescar-2009","status":"publish","type":"post","link":"https:\/\/cartelesmix.es\/cartelesdecine\/?p=14818","title":{"rendered":"Mal d\u00eda para pescar (Mal d\u00eda para pescar) (2009)"},"content":{"rendered":"<div><strong>G\u00e9nero:<\/strong> Drama, Comedia\u00a0\u00a0\u00a0\u00a0\u00a0\u00a0\u00a0\u00a0 <strong>Pa\u00eds: <\/strong>Espa\u00f1a, Uruguay<\/div>\n<div>\n<div><strong>Direcci\u00f3n:<\/strong>\u00a0 \u00c1lvaro Brechner<\/div>\n<\/div>\n<div>\n<div><strong>Interpretaci\u00f3n:<\/strong>\u00a0 Gary Piquer, Jouko Ahola, Antonella Costa, C\u00e9sar Troncoso, Bruno Aldecosea, Alfonso Tort, Jorge Temponi, Jenny Goldstein, Ignacio Cawen, Luis Lage, Enrique Vidal, Luc\u00eda Fernandez<\/div>\n<div><strong>Sinopsis:<\/strong>\u00a0 Dos peculiares buscavidas viajan por Latinoam\u00e9rica: Orsini, un empresario p\u00edcaro, c\u00ednico e ingenioso, que se autodenomina \u201cPr\u00edncipe\u201d; y su representado, Jacob Van Oppen, un forzudo, envejecido, alcoh\u00f3lico e incontrolable ex campe\u00f3n Mundial de Lucha Libre. Buscando mantener viva la \u00e9pica que un d\u00eda les uni\u00f3, se embarcan en una larga gira de exhibiciones por distintos pueblos.<\/div>\n<\/div>\n<hr \/>\n<div>\n<div><strong>Carteles:<\/strong><\/div>\n<div><strong>\u00a0<\/strong><\/div>\n<div><a href=\"http:\/\/cartelesmix.es\/images\/CartelesM\/maldiaparapescar0901.jpg\" target=\"_blank\"><img loading=\"lazy\" decoding=\"async\" class=\"alignnone size-medium wp-image-34340\" title=\"maldiaparapescar0901\" src=\"http:\/\/cartelesmix.es\/images\/CartelesM\/maldiaparapescar0901-168x240.jpg\" alt=\"\" width=\"168\" height=\"240\" \/><\/a>\u00a0<a href=\"http:\/\/cartelesmix.es\/images\/CartelesM\/maldiaparapescar0902.jpg\" target=\"_blank\"><img loading=\"lazy\" decoding=\"async\" class=\"alignnone size-medium wp-image-34339\" title=\"maldiaparapescar0902\" src=\"http:\/\/cartelesmix.es\/images\/CartelesM\/maldiaparapescar0902-175x240.jpg\" alt=\"\" width=\"175\" height=\"240\" \/><\/a><\/div>\n<\/div>\n","protected":false},"excerpt":{"rendered":"<p>G\u00e9nero: Drama, Comedia\u00a0\u00a0\u00a0\u00a0\u00a0\u00a0\u00a0\u00a0 Pa\u00eds: Espa\u00f1a, Uruguay Direcci\u00f3n:\u00a0 \u00c1lvaro Brechner Interpretaci\u00f3n:\u00a0 Gary Piquer, Jouko Ahola, Antonella Costa, C\u00e9sar Troncoso, Bruno Aldecosea, Alfonso Tort, Jorge Temponi, Jenny Goldstein, Ignacio Cawen, Luis Lage, Enrique Vidal, Luc\u00eda Fernandez Sinopsis:\u00a0 Dos peculiares buscavidas viajan por Latinoam\u00e9rica: Orsini, un empresario p\u00edcaro, c\u00ednico e ingenioso, que se autodenomina \u201cPr\u00edncipe\u201d; y su representado, &hellip; <\/p>\n<p class=\"link-more\"><a href=\"https:\/\/cartelesmix.es\/cartelesdecine\/?p=14818\" class=\"more-link\">Continuar leyendo<span class=\"screen-reader-text\"> \u00abMal d\u00eda para pescar (Mal d\u00eda para pescar) (2009)\u00bb<\/span><\/a><\/p>\n","protected":false},"author":1,"featured_media":0,"comment_status":"closed","ping_status":"closed","sticky":false,"template":"","format":"standard","meta":{"footnotes":""},"categories":[2],"tags":[],"class_list":["post-14818","post","type-post","status-publish","format-standard","hentry","category-peliculas"],"_links":{"self":[{"href":"https:\/\/cartelesmix.es\/cartelesdecine\/index.php?rest_route=\/wp\/v2\/posts\/14818","targetHints":{"allow":["GET"]}}],"collection":[{"href":"https:\/\/cartelesmix.es\/cartelesdecine\/index.php?rest_route=\/wp\/v2\/posts"}],"about":[{"href":"https:\/\/cartelesmix.es\/cartelesdecine\/index.php?rest_route=\/wp\/v2\/types\/post"}],"author":[{"embeddable":true,"href":"https:\/\/cartelesmix.es\/cartelesdecine\/index.php?rest_route=\/wp\/v2\/users\/1"}],"replies":[{"embeddable":true,"href":"https:\/\/cartelesmix.es\/cartelesdecine\/index.php?rest_route=%2Fwp%2Fv2%2Fcomments&post=14818"}],"version-history":[{"count":1,"href":"https:\/\/cartelesmix.es\/cartelesdecine\/index.php?rest_route=\/wp\/v2\/posts\/14818\/revisions"}],"predecessor-version":[{"id":98618,"href":"https:\/\/cartelesmix.es\/cartelesdecine\/index.php?rest_route=\/wp\/v2\/posts\/14818\/revisions\/98618"}],"wp:attachment":[{"href":"https:\/\/cartelesmix.es\/cartelesdecine\/index.php?rest_route=%2Fwp%2Fv2%2Fmedia&parent=14818"}],"wp:term":[{"taxonomy":"category","embeddable":true,"href":"https:\/\/cartelesmix.es\/cartelesdecine\/index.php?rest_route=%2Fwp%2Fv2%2Fcategories&post=14818"},{"taxonomy":"post_tag","embeddable":true,"href":"https:\/\/cartelesmix.es\/cartelesdecine\/index.php?rest_route=%2Fwp%2Fv2%2Ftags&post=14818"}],"curies":[{"name":"wp","href":"https:\/\/api.w.org\/{rel}","templated":true}]}}