{"id":14831,"date":"2010-03-19T10:56:28","date_gmt":"2010-03-19T09:56:28","guid":{"rendered":"http:\/\/www.mixcarteles.com\/cartelesmix\/?p=14831"},"modified":"2017-11-12T11:46:58","modified_gmt":"2017-11-12T11:46:58","slug":"animales-de-compania-animales-de-compania-2008","status":"publish","type":"post","link":"https:\/\/cartelesmix.es\/cartelesdecine\/?p=14831","title":{"rendered":"Animales de compa\u00f1\u00eda (Animales de compa\u00f1\u00eda) (2008)"},"content":{"rendered":"<div><strong>G\u00e9nero:<\/strong>\u00a0\u00a0\u00a0Thriller, Drama, Crimen\u00a0\u00a0\u00a0\u00a0 \u00a0<strong>Pa\u00eds:<\/strong> Espa\u00f1a<\/div>\n<div>\n<div><strong>Direcci\u00f3n:<\/strong>\u00a0 Nicol\u00e1s Mu\u00f1oz<\/div>\n<\/div>\n<div>\n<div><strong>Interpretaci\u00f3n:<\/strong>\u00a0 Cristina Alc\u00e1zar, Blanca Apil\u00e1nez, Tatiana Astengo, Francisco Boira, Mar\u00eda Botto, Nancho Novo, Javier Pereira, Miguel Rell\u00e1n, Mireia Ros<\/div>\n<\/div>\n<div>\n<div><strong>Sinopsis:<\/strong>\u00a0 Rafa cumple 65 a\u00f1os y, a su edad, sabe de sobra que las cosas salen siempre peor de lo que uno espera. Lo que \u00e9l espera es que su hijo peque\u00f1o llegue tarde al cumplea\u00f1os y pase la mitad de la velada hablando con el m\u00f3vil. Que su hija mediana, si es que llega, lo haga m\u00e1s tarde a\u00fan y sin regalo. Que su hija mayor no pare de meter ciza\u00f1a sobre la mediana, y que su mujer simule todo el rato que son una familia perfecta. Eso es lo que Rafa espera.<\/div>\n<\/div>\n<hr \/>\n<div>\n<div><strong>Carteles:<\/strong><\/div>\n<div><strong>\u00a0<\/strong><\/div>\n<div><a href=\"http:\/\/cartelesmix.es\/images\/CartelesA\/animalesdecompania0801.jpg\" target=\"_blank\"><img loading=\"lazy\" decoding=\"async\" class=\"alignnone size-medium wp-image-34171\" title=\"animalesdecompania0801\" src=\"http:\/\/cartelesmix.es\/images\/CartelesA\/animalesdecompania0801-169x240.jpg\" alt=\"\" width=\"169\" height=\"240\" \/><\/a>\u00a0<a href=\"http:\/\/cartelesmix.es\/images\/CartelesA\/animalesdecompania0802.jpg\" target=\"_blank\"><img loading=\"lazy\" decoding=\"async\" class=\"alignnone size-medium wp-image-34172\" title=\"animalesdecompania0802\" src=\"http:\/\/cartelesmix.es\/images\/CartelesA\/animalesdecompania0802-169x240.jpg\" alt=\"\" width=\"169\" height=\"240\" \/><\/a>\u00a0<a href=\"http:\/\/cartelesmix.es\/images\/CartelesA\/animalesdecompania0803.jpg\" target=\"_blank\"><img loading=\"lazy\" decoding=\"async\" class=\"alignnone size-medium wp-image-34170\" title=\"animalesdecompania0803\" src=\"http:\/\/cartelesmix.es\/images\/CartelesA\/animalesdecompania0803-240x158.jpg\" alt=\"\" width=\"240\" height=\"158\" \/><\/a><\/div>\n<\/div>\n","protected":false},"excerpt":{"rendered":"<p>G\u00e9nero:\u00a0\u00a0\u00a0Thriller, Drama, Crimen\u00a0\u00a0\u00a0\u00a0 \u00a0Pa\u00eds: Espa\u00f1a Direcci\u00f3n:\u00a0 Nicol\u00e1s Mu\u00f1oz Interpretaci\u00f3n:\u00a0 Cristina Alc\u00e1zar, Blanca Apil\u00e1nez, Tatiana Astengo, Francisco Boira, Mar\u00eda Botto, Nancho Novo, Javier Pereira, Miguel Rell\u00e1n, Mireia Ros Sinopsis:\u00a0 Rafa cumple 65 a\u00f1os y, a su edad, sabe de sobra que las cosas salen siempre peor de lo que uno espera. Lo que \u00e9l espera es &hellip; <\/p>\n<p class=\"link-more\"><a href=\"https:\/\/cartelesmix.es\/cartelesdecine\/?p=14831\" class=\"more-link\">Continuar leyendo<span class=\"screen-reader-text\"> \u00abAnimales de compa\u00f1\u00eda (Animales de compa\u00f1\u00eda) (2008)\u00bb<\/span><\/a><\/p>\n","protected":false},"author":1,"featured_media":0,"comment_status":"closed","ping_status":"closed","sticky":false,"template":"","format":"standard","meta":{"footnotes":""},"categories":[2],"tags":[],"class_list":["post-14831","post","type-post","status-publish","format-standard","hentry","category-peliculas"],"_links":{"self":[{"href":"https:\/\/cartelesmix.es\/cartelesdecine\/index.php?rest_route=\/wp\/v2\/posts\/14831","targetHints":{"allow":["GET"]}}],"collection":[{"href":"https:\/\/cartelesmix.es\/cartelesdecine\/index.php?rest_route=\/wp\/v2\/posts"}],"about":[{"href":"https:\/\/cartelesmix.es\/cartelesdecine\/index.php?rest_route=\/wp\/v2\/types\/post"}],"author":[{"embeddable":true,"href":"https:\/\/cartelesmix.es\/cartelesdecine\/index.php?rest_route=\/wp\/v2\/users\/1"}],"replies":[{"embeddable":true,"href":"https:\/\/cartelesmix.es\/cartelesdecine\/index.php?rest_route=%2Fwp%2Fv2%2Fcomments&post=14831"}],"version-history":[{"count":1,"href":"https:\/\/cartelesmix.es\/cartelesdecine\/index.php?rest_route=\/wp\/v2\/posts\/14831\/revisions"}],"predecessor-version":[{"id":98605,"href":"https:\/\/cartelesmix.es\/cartelesdecine\/index.php?rest_route=\/wp\/v2\/posts\/14831\/revisions\/98605"}],"wp:attachment":[{"href":"https:\/\/cartelesmix.es\/cartelesdecine\/index.php?rest_route=%2Fwp%2Fv2%2Fmedia&parent=14831"}],"wp:term":[{"taxonomy":"category","embeddable":true,"href":"https:\/\/cartelesmix.es\/cartelesdecine\/index.php?rest_route=%2Fwp%2Fv2%2Fcategories&post=14831"},{"taxonomy":"post_tag","embeddable":true,"href":"https:\/\/cartelesmix.es\/cartelesdecine\/index.php?rest_route=%2Fwp%2Fv2%2Ftags&post=14831"}],"curies":[{"name":"wp","href":"https:\/\/api.w.org\/{rel}","templated":true}]}}