{"id":1641,"date":"2010-01-22T19:57:04","date_gmt":"2010-01-22T18:57:04","guid":{"rendered":"http:\/\/www.mixcarteles.com\/cartelesmix\/?p=1641"},"modified":"2017-11-21T06:46:15","modified_gmt":"2017-11-21T06:46:15","slug":"capturing-the-friedmans-capturing-the-friedmans-2003","status":"publish","type":"post","link":"https:\/\/cartelesmix.es\/cartelesdecine\/?p=1641","title":{"rendered":"Capturing the friedmans (Capturing the Friedmans) (2003)"},"content":{"rendered":"<div><strong>G\u00e9nero:<\/strong> Documental\u00a0\u00a0\u00a0 <strong>Pa\u00eds:<\/strong> Estados Unidos<\/div>\n<div>\n<div><strong>Direcci\u00f3n:<\/strong>\u00a0 Andrew Jarecki<\/div>\n<\/div>\n<div>\n<div><strong>Interpretaci\u00f3n:<\/strong>\u00a0 Arnold Friedman, Elaine Friedman, David Friedman, Seth Friedman, Jesse Friedman, Howard Friedman, John McDermott, Frances Galasso, Joseph Onorato, Judd Maltin, Abbey Boklan<\/div>\n<\/div>\n<div>\n<div><strong>Sinopsis:<\/strong>\u00a0 Durante 25 a\u00f1os los Friedman representaron el ideal de clase media que personific\u00f3 el sue\u00f1o americano en Great Neck, Long Island, Nueva York. Con tres maravillosos hijos, registraban su tranquila vida en v\u00eddeos caseros. \u00abCapturing the Friedmans\u00bb retrata su desintegraci\u00f3n, cuando en 1987 el padre, profesor de inform\u00e1tica, y su hijo menor fueron encarcelados acusados de pederastia.<\/div>\n<\/div>\n<div>\n<div><strong>Premios:<\/strong><\/div>\n<div>2003: Nominada al Oscar: Mejor documental<br \/>\n2003: Sundance: Gran Premio del Jurado (categor\u00eda documental)<br \/>\n2003: Toronto: Mejor documental<br \/>\n2003: National Board of Review: Premio a la libertad de expresi\u00f3n<\/div>\n<\/div>\n<hr \/>\n<div>\n<div><strong>Carteles:<\/strong><\/div>\n<div><strong>\u00a0<\/strong><\/div>\n<div><a href=\"http:\/\/cartelesmix.es\/images\/CartelesC\/capturingthefriedmans0301.jpg\" target=\"_blank\"><img loading=\"lazy\" decoding=\"async\" class=\"alignnone size-medium wp-image-33442\" title=\"capturingthefriedmans0301\" src=\"http:\/\/cartelesmix.es\/images\/CartelesC\/capturingthefriedmans0301-167x240.jpg\" alt=\"\" width=\"167\" height=\"240\" \/><\/a>\u00a0<a href=\"http:\/\/cartelesmix.es\/images\/CartelesC\/capturingthefriedmans0302.jpg\" target=\"_blank\"><img loading=\"lazy\" decoding=\"async\" class=\"alignnone size-medium wp-image-33443\" title=\"capturingthefriedmans0302\" src=\"http:\/\/cartelesmix.es\/images\/CartelesC\/capturingthefriedmans0302-169x240.jpg\" alt=\"\" width=\"169\" height=\"240\" \/><\/a>\u00a0<a href=\"http:\/\/cartelesmix.es\/images\/CartelesC\/capturingthefriedmans0303.jpg\" target=\"_blank\"><img loading=\"lazy\" decoding=\"async\" class=\"alignnone size-medium wp-image-33444\" title=\"capturingthefriedmans0303\" src=\"http:\/\/cartelesmix.es\/images\/CartelesC\/capturingthefriedmans0303-169x240.jpg\" alt=\"\" width=\"169\" height=\"240\" \/><\/a>\u00a0<a href=\"http:\/\/cartelesmix.es\/images\/CartelesC\/capturingthefriedmans0304.jpg\" target=\"_blank\"><img loading=\"lazy\" decoding=\"async\" class=\"alignnone size-medium wp-image-33445\" title=\"capturingthefriedmans0304\" src=\"http:\/\/cartelesmix.es\/images\/CartelesC\/capturingthefriedmans0304-169x240.jpg\" alt=\"\" width=\"169\" height=\"240\" \/><\/a><\/div>\n<\/div>\n","protected":false},"excerpt":{"rendered":"<p>G\u00e9nero: Documental\u00a0\u00a0\u00a0 Pa\u00eds: Estados Unidos Direcci\u00f3n:\u00a0 Andrew Jarecki Interpretaci\u00f3n:\u00a0 Arnold Friedman, Elaine Friedman, David Friedman, Seth Friedman, Jesse Friedman, Howard Friedman, John McDermott, Frances Galasso, Joseph Onorato, Judd Maltin, Abbey Boklan Sinopsis:\u00a0 Durante 25 a\u00f1os los Friedman representaron el ideal de clase media que personific\u00f3 el sue\u00f1o americano en Great Neck, Long Island, Nueva York. &hellip; <\/p>\n<p class=\"link-more\"><a href=\"https:\/\/cartelesmix.es\/cartelesdecine\/?p=1641\" class=\"more-link\">Continuar leyendo<span class=\"screen-reader-text\"> \u00abCapturing the friedmans (Capturing the Friedmans) (2003)\u00bb<\/span><\/a><\/p>\n","protected":false},"author":1,"featured_media":0,"comment_status":"closed","ping_status":"closed","sticky":false,"template":"","format":"standard","meta":{"footnotes":""},"categories":[2],"tags":[],"class_list":["post-1641","post","type-post","status-publish","format-standard","hentry","category-peliculas"],"_links":{"self":[{"href":"https:\/\/cartelesmix.es\/cartelesdecine\/index.php?rest_route=\/wp\/v2\/posts\/1641","targetHints":{"allow":["GET"]}}],"collection":[{"href":"https:\/\/cartelesmix.es\/cartelesdecine\/index.php?rest_route=\/wp\/v2\/posts"}],"about":[{"href":"https:\/\/cartelesmix.es\/cartelesdecine\/index.php?rest_route=\/wp\/v2\/types\/post"}],"author":[{"embeddable":true,"href":"https:\/\/cartelesmix.es\/cartelesdecine\/index.php?rest_route=\/wp\/v2\/users\/1"}],"replies":[{"embeddable":true,"href":"https:\/\/cartelesmix.es\/cartelesdecine\/index.php?rest_route=%2Fwp%2Fv2%2Fcomments&post=1641"}],"version-history":[{"count":1,"href":"https:\/\/cartelesmix.es\/cartelesdecine\/index.php?rest_route=\/wp\/v2\/posts\/1641\/revisions"}],"predecessor-version":[{"id":106693,"href":"https:\/\/cartelesmix.es\/cartelesdecine\/index.php?rest_route=\/wp\/v2\/posts\/1641\/revisions\/106693"}],"wp:attachment":[{"href":"https:\/\/cartelesmix.es\/cartelesdecine\/index.php?rest_route=%2Fwp%2Fv2%2Fmedia&parent=1641"}],"wp:term":[{"taxonomy":"category","embeddable":true,"href":"https:\/\/cartelesmix.es\/cartelesdecine\/index.php?rest_route=%2Fwp%2Fv2%2Fcategories&post=1641"},{"taxonomy":"post_tag","embeddable":true,"href":"https:\/\/cartelesmix.es\/cartelesdecine\/index.php?rest_route=%2Fwp%2Fv2%2Ftags&post=1641"}],"curies":[{"name":"wp","href":"https:\/\/api.w.org\/{rel}","templated":true}]}}