{"id":167686,"date":"2018-08-25T09:29:54","date_gmt":"2018-08-25T07:29:54","guid":{"rendered":"http:\/\/cartelesmix.es\/cartelesdecine\/?p=167686"},"modified":"2018-08-15T12:16:41","modified_gmt":"2018-08-15T10:16:41","slug":"pocoyo-y-la-liga-de-los-super-amigos-extraordinarios-pocoyo-tu-primera-pelicula-2018","status":"publish","type":"post","link":"https:\/\/cartelesmix.es\/cartelesdecine\/?p=167686","title":{"rendered":"Pocoy\u00f3 y la liga de los S\u00faper Amigos extraordinarios (Pocoy\u00f3: Tu primera pel\u00edcula) (2018)"},"content":{"rendered":"<p><a href=\"http:\/\/cartelesmix.es\/cartelesdecine\/wp-content\/uploads\/2018\/07\/pocoyoligasuperamigos18001.jpg\" target=\"_blank\" rel=\"noopener\"><img loading=\"lazy\" decoding=\"async\" class=\"alignnone wp-image-173950 size-medium\" src=\"http:\/\/cartelesmix.es\/cartelesdecine\/wp-content\/uploads\/2018\/07\/pocoyoligasuperamigos18001-169x240.jpg\" alt=\"\" width=\"169\" height=\"240\" srcset=\"https:\/\/cartelesmix.es\/cartelesdecine\/wp-content\/uploads\/2018\/07\/pocoyoligasuperamigos18001-169x240.jpg 169w, https:\/\/cartelesmix.es\/cartelesdecine\/wp-content\/uploads\/2018\/07\/pocoyoligasuperamigos18001-768x1088.jpg 768w, https:\/\/cartelesmix.es\/cartelesdecine\/wp-content\/uploads\/2018\/07\/pocoyoligasuperamigos18001.jpg 1875w\" sizes=\"auto, (max-width: 169px) 100vw, 169px\" \/><\/a><\/p>\n","protected":false},"excerpt":{"rendered":"","protected":false},"author":1,"featured_media":0,"comment_status":"closed","ping_status":"closed","sticky":false,"template":"","format":"standard","meta":{"footnotes":""},"categories":[2],"tags":[],"class_list":["post-167686","post","type-post","status-publish","format-standard","hentry","category-peliculas"],"_links":{"self":[{"href":"https:\/\/cartelesmix.es\/cartelesdecine\/index.php?rest_route=\/wp\/v2\/posts\/167686","targetHints":{"allow":["GET"]}}],"collection":[{"href":"https:\/\/cartelesmix.es\/cartelesdecine\/index.php?rest_route=\/wp\/v2\/posts"}],"about":[{"href":"https:\/\/cartelesmix.es\/cartelesdecine\/index.php?rest_route=\/wp\/v2\/types\/post"}],"author":[{"embeddable":true,"href":"https:\/\/cartelesmix.es\/cartelesdecine\/index.php?rest_route=\/wp\/v2\/users\/1"}],"replies":[{"embeddable":true,"href":"https:\/\/cartelesmix.es\/cartelesdecine\/index.php?rest_route=%2Fwp%2Fv2%2Fcomments&post=167686"}],"version-history":[{"count":2,"href":"https:\/\/cartelesmix.es\/cartelesdecine\/index.php?rest_route=\/wp\/v2\/posts\/167686\/revisions"}],"predecessor-version":[{"id":173995,"href":"https:\/\/cartelesmix.es\/cartelesdecine\/index.php?rest_route=\/wp\/v2\/posts\/167686\/revisions\/173995"}],"wp:attachment":[{"href":"https:\/\/cartelesmix.es\/cartelesdecine\/index.php?rest_route=%2Fwp%2Fv2%2Fmedia&parent=167686"}],"wp:term":[{"taxonomy":"category","embeddable":true,"href":"https:\/\/cartelesmix.es\/cartelesdecine\/index.php?rest_route=%2Fwp%2Fv2%2Fcategories&post=167686"},{"taxonomy":"post_tag","embeddable":true,"href":"https:\/\/cartelesmix.es\/cartelesdecine\/index.php?rest_route=%2Fwp%2Fv2%2Ftags&post=167686"}],"curies":[{"name":"wp","href":"https:\/\/api.w.org\/{rel}","templated":true}]}}