{"id":18827,"date":"2010-05-01T17:04:36","date_gmt":"2010-05-01T17:04:36","guid":{"rendered":"http:\/\/cartelesmix.es\/?p=18827"},"modified":"2017-11-12T11:46:33","modified_gmt":"2017-11-12T11:46:33","slug":"rosa-y-negro-rose-et-noir-2009","status":"publish","type":"post","link":"https:\/\/cartelesmix.es\/cartelesdecine\/?p=18827","title":{"rendered":"Rosa y negro (Rose et noir) (2009)"},"content":{"rendered":"<div><strong>G\u00e9nero:<\/strong> Comedia, Drama\u00a0 <strong>Pa\u00eds:<\/strong> Francia<\/div>\n<div>\n<div><strong>Direcci\u00f3n:<\/strong>\u00a0 G\u00e9rard Jugnot<\/div>\n<\/div>\n<div>\n<div><strong>Interpretaci\u00f3n:<\/strong>\u00a0\u00a0 G\u00e9rard Jugnot, Bernard Le Coq, Juan Diego, Assaad Bouab, St\u00e9phane Debac , Sa\u00efda Jawad, Patrick Haudecoeur, Rapha\u00ebl Boshart<\/div>\n<div><strong>Sinopsis:<\/strong>\u00a0 En 1577, Pic Saint Loup, gran modisto venido a menos, recibe una misi\u00f3n diplom\u00e1tica del rey Enrique III: confeccionarle un traje de ceremonia de inigualable belleza para la boda concertada de uno de sus sobrinos con la hija de un Grande de Espa\u00f1a. As\u00ed es como Saint Loup (un tanto afeminado) se pone en camino, rumbo a esa Espa\u00f1a cat\u00f3lica integrista que persigue sin tregua a protestantes, moros, jud\u00edos y homosexuales.<\/div>\n<\/div>\n<hr \/>\n<div>\n<div><strong>Carteles:<\/strong><\/div>\n<div><strong>\u00a0<\/strong><\/div>\n<div><a href=\"http:\/\/cartelesmix.es\/images\/CartelesR\/rosaynegro0901.jpg\" target=\"_blank\"><img loading=\"lazy\" decoding=\"async\" class=\"alignnone size-medium wp-image-20777\" title=\"rosaynegro0901\" src=\"http:\/\/cartelesmix.es\/images\/CartelesR\/rosaynegro0901-169x240.jpg\" alt=\"\" width=\"169\" height=\"240\" \/><\/a>\u00a0<a href=\"http:\/\/cartelesmix.es\/images\/CartelesR\/rosaynegro0902.jpg\" target=\"_blank\"><img loading=\"lazy\" decoding=\"async\" class=\"alignnone size-medium wp-image-20778\" title=\"rosaynegro0902\" src=\"http:\/\/cartelesmix.es\/images\/CartelesR\/rosaynegro0902-176x240.jpg\" alt=\"\" width=\"176\" height=\"240\" \/><\/a>\u00a0<a href=\"http:\/\/cartelesmix.es\/images\/CartelesR\/rosaynegro0903.jpg\" target=\"_blank\"><img loading=\"lazy\" decoding=\"async\" class=\"alignnone size-medium wp-image-20776\" title=\"rosaynegro0903\" src=\"http:\/\/cartelesmix.es\/images\/CartelesR\/rosaynegro0903-176x240.jpg\" alt=\"\" width=\"176\" height=\"240\" \/><\/a><\/div>\n<\/div>\n","protected":false},"excerpt":{"rendered":"<p>G\u00e9nero: Comedia, Drama\u00a0 Pa\u00eds: Francia Direcci\u00f3n:\u00a0 G\u00e9rard Jugnot Interpretaci\u00f3n:\u00a0\u00a0 G\u00e9rard Jugnot, Bernard Le Coq, Juan Diego, Assaad Bouab, St\u00e9phane Debac , Sa\u00efda Jawad, Patrick Haudecoeur, Rapha\u00ebl Boshart Sinopsis:\u00a0 En 1577, Pic Saint Loup, gran modisto venido a menos, recibe una misi\u00f3n diplom\u00e1tica del rey Enrique III: confeccionarle un traje de ceremonia de inigualable belleza para &hellip; <\/p>\n<p class=\"link-more\"><a href=\"https:\/\/cartelesmix.es\/cartelesdecine\/?p=18827\" class=\"more-link\">Continuar leyendo<span class=\"screen-reader-text\"> \u00abRosa y negro (Rose et noir) (2009)\u00bb<\/span><\/a><\/p>\n","protected":false},"author":1,"featured_media":0,"comment_status":"closed","ping_status":"closed","sticky":false,"template":"","format":"standard","meta":{"footnotes":""},"categories":[2],"tags":[],"class_list":["post-18827","post","type-post","status-publish","format-standard","hentry","category-peliculas"],"_links":{"self":[{"href":"https:\/\/cartelesmix.es\/cartelesdecine\/index.php?rest_route=\/wp\/v2\/posts\/18827","targetHints":{"allow":["GET"]}}],"collection":[{"href":"https:\/\/cartelesmix.es\/cartelesdecine\/index.php?rest_route=\/wp\/v2\/posts"}],"about":[{"href":"https:\/\/cartelesmix.es\/cartelesdecine\/index.php?rest_route=\/wp\/v2\/types\/post"}],"author":[{"embeddable":true,"href":"https:\/\/cartelesmix.es\/cartelesdecine\/index.php?rest_route=\/wp\/v2\/users\/1"}],"replies":[{"embeddable":true,"href":"https:\/\/cartelesmix.es\/cartelesdecine\/index.php?rest_route=%2Fwp%2Fv2%2Fcomments&post=18827"}],"version-history":[{"count":1,"href":"https:\/\/cartelesmix.es\/cartelesdecine\/index.php?rest_route=\/wp\/v2\/posts\/18827\/revisions"}],"predecessor-version":[{"id":98570,"href":"https:\/\/cartelesmix.es\/cartelesdecine\/index.php?rest_route=\/wp\/v2\/posts\/18827\/revisions\/98570"}],"wp:attachment":[{"href":"https:\/\/cartelesmix.es\/cartelesdecine\/index.php?rest_route=%2Fwp%2Fv2%2Fmedia&parent=18827"}],"wp:term":[{"taxonomy":"category","embeddable":true,"href":"https:\/\/cartelesmix.es\/cartelesdecine\/index.php?rest_route=%2Fwp%2Fv2%2Fcategories&post=18827"},{"taxonomy":"post_tag","embeddable":true,"href":"https:\/\/cartelesmix.es\/cartelesdecine\/index.php?rest_route=%2Fwp%2Fv2%2Ftags&post=18827"}],"curies":[{"name":"wp","href":"https:\/\/api.w.org\/{rel}","templated":true}]}}