{"id":18829,"date":"2010-05-01T17:26:25","date_gmt":"2010-05-01T17:26:25","guid":{"rendered":"http:\/\/cartelesmix.es\/?p=18829"},"modified":"2017-11-12T11:46:33","modified_gmt":"2017-11-12T11:46:33","slug":"baaria-baaria-la-porta-del-vento-2009","status":"publish","type":"post","link":"https:\/\/cartelesmix.es\/cartelesdecine\/?p=18829","title":{"rendered":"Baar\u00eca (Baar\u00eca &#8211; La porta del vento) (2009)"},"content":{"rendered":"<div><strong>G\u00e9nero:<\/strong> Comedia, Drama, Hist\u00f3rico, B\u00e9lica\u00a0 <strong>Pa\u00eds:<\/strong> Italia, Francia<\/div>\n<div>\n<div><strong>Direcci\u00f3n:<\/strong>\u00a0 Giuseppe Tornatore<\/div>\n<\/div>\n<div>\n<div><strong>Interpretaci\u00f3n:<\/strong>\u00a0 Francesco Scianna, Margareth Mad\u00e8, Salvatore Ficarra, \u00c1ngela Molina, Enrico Lo Verso, Luigi Lo Cascio, Raoul Bova, Monica Bellucci<\/div>\n<div><strong>Sinopsis:<\/strong>\u00a0 Relato que abarca tres generaciones, desde la d\u00e9cada de 1930 hasta los tiempos modernos, usando como tel\u00f3n de fondo el surgimiento del fascismo, la Segunda Guerra Mundial y los manejos pol\u00edticos de la Italia de posguerra.<\/div>\n<\/div>\n<hr \/>\n<p><strong>Carteles:<\/strong><\/p>\n<p><a href=\"http:\/\/cartelesmix.es\/images\/CartelesB\/baaria0901.jpg\" target=\"_blank\"><img loading=\"lazy\" decoding=\"async\" class=\"alignnone size-medium wp-image-21080\" title=\"baaria0901\" src=\"http:\/\/cartelesmix.es\/images\/CartelesB\/baaria0901-169x240.jpg\" alt=\"\" width=\"169\" height=\"240\" \/><\/a>\u00a0<a href=\"http:\/\/cartelesmix.es\/images\/CartelesB\/baaria0902.jpg\" target=\"_blank\"><img loading=\"lazy\" decoding=\"async\" class=\"alignnone size-medium wp-image-21081\" title=\"baaria0902\" src=\"http:\/\/cartelesmix.es\/images\/CartelesB\/baaria0902-169x240.jpg\" alt=\"\" width=\"169\" height=\"240\" \/><\/a>\u00a0<a href=\"http:\/\/cartelesmix.es\/images\/CartelesB\/baaria0903.jpg\" target=\"_blank\"><img loading=\"lazy\" decoding=\"async\" class=\"alignnone size-medium wp-image-21079\" title=\"baaria0903\" src=\"http:\/\/cartelesmix.es\/images\/CartelesB\/baaria0903-168x239.jpg\" alt=\"\" width=\"168\" height=\"239\" \/><\/a><\/p>\n","protected":false},"excerpt":{"rendered":"<p>G\u00e9nero: Comedia, Drama, Hist\u00f3rico, B\u00e9lica\u00a0 Pa\u00eds: Italia, Francia Direcci\u00f3n:\u00a0 Giuseppe Tornatore Interpretaci\u00f3n:\u00a0 Francesco Scianna, Margareth Mad\u00e8, Salvatore Ficarra, \u00c1ngela Molina, Enrico Lo Verso, Luigi Lo Cascio, Raoul Bova, Monica Bellucci Sinopsis:\u00a0 Relato que abarca tres generaciones, desde la d\u00e9cada de 1930 hasta los tiempos modernos, usando como tel\u00f3n de fondo el surgimiento del fascismo, la &hellip; <\/p>\n<p class=\"link-more\"><a href=\"https:\/\/cartelesmix.es\/cartelesdecine\/?p=18829\" class=\"more-link\">Continuar leyendo<span class=\"screen-reader-text\"> \u00abBaar\u00eca (Baar\u00eca &#8211; La porta del vento) (2009)\u00bb<\/span><\/a><\/p>\n","protected":false},"author":1,"featured_media":0,"comment_status":"closed","ping_status":"closed","sticky":false,"template":"","format":"standard","meta":{"footnotes":""},"categories":[2],"tags":[],"class_list":["post-18829","post","type-post","status-publish","format-standard","hentry","category-peliculas"],"_links":{"self":[{"href":"https:\/\/cartelesmix.es\/cartelesdecine\/index.php?rest_route=\/wp\/v2\/posts\/18829","targetHints":{"allow":["GET"]}}],"collection":[{"href":"https:\/\/cartelesmix.es\/cartelesdecine\/index.php?rest_route=\/wp\/v2\/posts"}],"about":[{"href":"https:\/\/cartelesmix.es\/cartelesdecine\/index.php?rest_route=\/wp\/v2\/types\/post"}],"author":[{"embeddable":true,"href":"https:\/\/cartelesmix.es\/cartelesdecine\/index.php?rest_route=\/wp\/v2\/users\/1"}],"replies":[{"embeddable":true,"href":"https:\/\/cartelesmix.es\/cartelesdecine\/index.php?rest_route=%2Fwp%2Fv2%2Fcomments&post=18829"}],"version-history":[{"count":1,"href":"https:\/\/cartelesmix.es\/cartelesdecine\/index.php?rest_route=\/wp\/v2\/posts\/18829\/revisions"}],"predecessor-version":[{"id":98569,"href":"https:\/\/cartelesmix.es\/cartelesdecine\/index.php?rest_route=\/wp\/v2\/posts\/18829\/revisions\/98569"}],"wp:attachment":[{"href":"https:\/\/cartelesmix.es\/cartelesdecine\/index.php?rest_route=%2Fwp%2Fv2%2Fmedia&parent=18829"}],"wp:term":[{"taxonomy":"category","embeddable":true,"href":"https:\/\/cartelesmix.es\/cartelesdecine\/index.php?rest_route=%2Fwp%2Fv2%2Fcategories&post=18829"},{"taxonomy":"post_tag","embeddable":true,"href":"https:\/\/cartelesmix.es\/cartelesdecine\/index.php?rest_route=%2Fwp%2Fv2%2Ftags&post=18829"}],"curies":[{"name":"wp","href":"https:\/\/api.w.org\/{rel}","templated":true}]}}