{"id":2109,"date":"2010-01-23T20:23:56","date_gmt":"2010-01-23T19:23:56","guid":{"rendered":"http:\/\/www.mixcarteles.com\/cartelesmix\/?p=2109"},"modified":"2017-11-21T06:44:29","modified_gmt":"2017-11-21T06:44:29","slug":"crepusculo-rojo-dans-le-rouge-du-counchant-2003","status":"publish","type":"post","link":"https:\/\/cartelesmix.es\/cartelesdecine\/?p=2109","title":{"rendered":"Crep\u00fasculo rojo (Dans le rouge du couchant) (2003)"},"content":{"rendered":"<div><strong>G\u00e9nero:<\/strong> Drama\u00a0\u00a0\u00a0 <strong>Pa\u00eds:<\/strong> Francia, Espa\u00f1a<\/div>\n<div>\n<div><strong>Direcci\u00f3n:<\/strong> Edgardo Cozarinsky<\/div>\n<\/div>\n<div>\n<div><strong>Interpretaci\u00f3n:<\/strong> Marisa Paredes, Bruno Putzulu, F\u00e9odor Atkine, Didier Flamand, Elisabeth Kaza, Aur\u00e9lien Recoing<\/div>\n<div><strong>Sinopsis:<\/strong> Tres personajes viven en Par\u00eds marcados por el \u00abotro lado del mundo\u00bb, que es la ciudad de Buenos Aires. Sus vivencias en esta ciudad en el pasado les atormentan en el presente, donde sus historias se cruzan sin que ellos lo perciban. Por un lado est\u00e1 Michel, que llega a Par\u00eds para rehacer su vida lejos de la crisis econ\u00f3mica argentina. Su \u00fanico tesoro es un cuadro heredado de su padre. Cuando llega a Francia descubre que tambi\u00e9n ha heredado un turbio pasado.<\/div>\n<\/div>\n<hr \/>\n<div>\n<div><strong>Carteles:<\/strong><\/div>\n<div><strong>\u00a0<\/strong><\/div>\n<div><a href=\"http:\/\/cartelesmix.es\/images\/CartelesC\/crepusculorojo0301.jpg\" target=\"_blank\"><img loading=\"lazy\" decoding=\"async\" class=\"alignnone size-medium wp-image-45357\" title=\"crepusculorojo0301\" src=\"http:\/\/cartelesmix.es\/images\/CartelesC\/crepusculorojo0301-170x240.jpg\" alt=\"\" width=\"170\" height=\"240\" \/><\/a><\/div>\n<\/div>\n","protected":false},"excerpt":{"rendered":"<p>G\u00e9nero: Drama\u00a0\u00a0\u00a0 Pa\u00eds: Francia, Espa\u00f1a Direcci\u00f3n: Edgardo Cozarinsky Interpretaci\u00f3n: Marisa Paredes, Bruno Putzulu, F\u00e9odor Atkine, Didier Flamand, Elisabeth Kaza, Aur\u00e9lien Recoing Sinopsis: Tres personajes viven en Par\u00eds marcados por el \u00abotro lado del mundo\u00bb, que es la ciudad de Buenos Aires. Sus vivencias en esta ciudad en el pasado les atormentan en el presente, donde &hellip; <\/p>\n<p class=\"link-more\"><a href=\"https:\/\/cartelesmix.es\/cartelesdecine\/?p=2109\" class=\"more-link\">Continuar leyendo<span class=\"screen-reader-text\"> \u00abCrep\u00fasculo rojo (Dans le rouge du couchant) (2003)\u00bb<\/span><\/a><\/p>\n","protected":false},"author":1,"featured_media":0,"comment_status":"closed","ping_status":"closed","sticky":false,"template":"","format":"standard","meta":{"footnotes":""},"categories":[2],"tags":[],"class_list":["post-2109","post","type-post","status-publish","format-standard","hentry","category-peliculas"],"_links":{"self":[{"href":"https:\/\/cartelesmix.es\/cartelesdecine\/index.php?rest_route=\/wp\/v2\/posts\/2109","targetHints":{"allow":["GET"]}}],"collection":[{"href":"https:\/\/cartelesmix.es\/cartelesdecine\/index.php?rest_route=\/wp\/v2\/posts"}],"about":[{"href":"https:\/\/cartelesmix.es\/cartelesdecine\/index.php?rest_route=\/wp\/v2\/types\/post"}],"author":[{"embeddable":true,"href":"https:\/\/cartelesmix.es\/cartelesdecine\/index.php?rest_route=\/wp\/v2\/users\/1"}],"replies":[{"embeddable":true,"href":"https:\/\/cartelesmix.es\/cartelesdecine\/index.php?rest_route=%2Fwp%2Fv2%2Fcomments&post=2109"}],"version-history":[{"count":1,"href":"https:\/\/cartelesmix.es\/cartelesdecine\/index.php?rest_route=\/wp\/v2\/posts\/2109\/revisions"}],"predecessor-version":[{"id":106257,"href":"https:\/\/cartelesmix.es\/cartelesdecine\/index.php?rest_route=\/wp\/v2\/posts\/2109\/revisions\/106257"}],"wp:attachment":[{"href":"https:\/\/cartelesmix.es\/cartelesdecine\/index.php?rest_route=%2Fwp%2Fv2%2Fmedia&parent=2109"}],"wp:term":[{"taxonomy":"category","embeddable":true,"href":"https:\/\/cartelesmix.es\/cartelesdecine\/index.php?rest_route=%2Fwp%2Fv2%2Fcategories&post=2109"},{"taxonomy":"post_tag","embeddable":true,"href":"https:\/\/cartelesmix.es\/cartelesdecine\/index.php?rest_route=%2Fwp%2Fv2%2Ftags&post=2109"}],"curies":[{"name":"wp","href":"https:\/\/api.w.org\/{rel}","templated":true}]}}