{"id":21766,"date":"2010-05-26T18:43:10","date_gmt":"2010-05-26T18:43:10","guid":{"rendered":"http:\/\/cartelesmix.es\/?p=21766"},"modified":"2017-11-12T11:46:29","modified_gmt":"2017-11-12T11:46:29","slug":"entre-nosotros-alle-anderen-2009","status":"publish","type":"post","link":"https:\/\/cartelesmix.es\/cartelesdecine\/?p=21766","title":{"rendered":"Entre nosotros (Alle Anderen) (2009)"},"content":{"rendered":"<div><strong>G\u00e9nero:<\/strong> Drama, Rom\u00e1ntica\u00a0\u00a0\u00a0 <strong>Pa\u00eds:<\/strong> Alemania<\/div>\n<div>\n<div><strong>Direcci\u00f3n:<\/strong>\u00a0 Maren Ade<\/div>\n<\/div>\n<div>\n<div><strong>Interpretaci\u00f3n:<\/strong>\u00a0 Birgit Minichmayr, Lars Eidinger, Hans Jochen Wagner, Nicole Marischka, Mira Partecke, Atef Vogel, Paula Hartmann, Carina Wiese<\/div>\n<div><strong>Sinopsis:<\/strong>\u00a0 Cuenta la historia de Gitti y Chris, una extra\u00f1a pareja que intenta disfrutar de unas vacaciones alejadas de todo. Se trata de un retrato \u00edntimo de dos personas que s\u00f3lo pueden ser ellas mismas cuando est\u00e1n solas: sus rituales, sus tonter\u00edas o sus sue\u00f1os incumplidos\u2026 Sin embargo, su encuentro con otra pareja aparentemente m\u00e1s exitosa, va a desestabilizar el equilibrio que exist\u00eda entre ellos.<\/div>\n<\/div>\n<hr \/>\n<div>\n<div><strong>Carteles:<\/strong><\/div>\n<div><strong>\u00a0<\/strong><\/div>\n<div><a href=\"http:\/\/cartelesmix.es\/images\/CartelesE\/entrenosotros0902.jpg\" target=\"_blank\"><img loading=\"lazy\" decoding=\"async\" class=\"alignnone size-medium wp-image-26479\" title=\"entrenosotros0902\" src=\"http:\/\/cartelesmix.es\/images\/CartelesE\/entrenosotros0902-164x239.jpg\" alt=\"\" width=\"164\" height=\"239\" \/><\/a>\u00a0<a href=\"http:\/\/cartelesmix.es\/images\/CartelesE\/entrenosotros0903.jpg\" target=\"_blank\"><img loading=\"lazy\" decoding=\"async\" class=\"alignnone size-medium wp-image-26481\" title=\"entrenosotros0903\" src=\"http:\/\/cartelesmix.es\/images\/CartelesE\/entrenosotros0903-168x240.jpg\" alt=\"\" width=\"168\" height=\"240\" \/><\/a>\u00a0<a href=\"http:\/\/cartelesmix.es\/images\/CartelesE\/entrenosotros0904.jpg\" target=\"_blank\"><img loading=\"lazy\" decoding=\"async\" class=\"alignnone size-medium wp-image-26482\" title=\"entrenosotros0904\" src=\"http:\/\/cartelesmix.es\/images\/CartelesE\/entrenosotros0904-166x240.jpg\" alt=\"\" width=\"166\" height=\"240\" \/><\/a>\u00a0<a href=\"http:\/\/cartelesmix.es\/images\/CartelesE\/entrenosotros0905.jpg\" target=\"_blank\"><img loading=\"lazy\" decoding=\"async\" class=\"alignnone size-medium wp-image-26483\" title=\"entrenosotros0905\" src=\"http:\/\/cartelesmix.es\/images\/CartelesE\/entrenosotros0905-166x240.jpg\" alt=\"\" width=\"166\" height=\"240\" \/><\/a>\u00a0<a href=\"http:\/\/cartelesmix.es\/images\/CartelesE\/entrenosotros0906.jpg\" target=\"_blank\"><img loading=\"lazy\" decoding=\"async\" class=\"alignnone size-medium wp-image-26484\" title=\"entrenosotros0906\" src=\"http:\/\/cartelesmix.es\/images\/CartelesE\/entrenosotros0906-169x240.jpg\" alt=\"\" width=\"169\" height=\"240\" \/><\/a>\u00a0<a href=\"http:\/\/cartelesmix.es\/images\/CartelesE\/entrenosotros0901.jpg\" target=\"_blank\"><img loading=\"lazy\" decoding=\"async\" class=\"alignnone size-medium wp-image-26478\" title=\"entrenosotros0901\" src=\"http:\/\/cartelesmix.es\/images\/CartelesE\/entrenosotros0901-169x240.jpg\" alt=\"\" width=\"169\" height=\"240\" \/><\/a>\u00a0<a href=\"http:\/\/cartelesmix.es\/images\/CartelesE\/entrenosotros0907.jpg\" target=\"_blank\"><img loading=\"lazy\" decoding=\"async\" class=\"alignnone size-medium wp-image-26457\" title=\"entrenosotros0907\" src=\"http:\/\/cartelesmix.es\/images\/CartelesE\/entrenosotros0907-162x240.jpg\" alt=\"\" width=\"162\" height=\"240\" \/><\/a><\/div>\n<\/div>\n","protected":false},"excerpt":{"rendered":"<p>G\u00e9nero: Drama, Rom\u00e1ntica\u00a0\u00a0\u00a0 Pa\u00eds: Alemania Direcci\u00f3n:\u00a0 Maren Ade Interpretaci\u00f3n:\u00a0 Birgit Minichmayr, Lars Eidinger, Hans Jochen Wagner, Nicole Marischka, Mira Partecke, Atef Vogel, Paula Hartmann, Carina Wiese Sinopsis:\u00a0 Cuenta la historia de Gitti y Chris, una extra\u00f1a pareja que intenta disfrutar de unas vacaciones alejadas de todo. Se trata de un retrato \u00edntimo de dos personas &hellip; <\/p>\n<p class=\"link-more\"><a href=\"https:\/\/cartelesmix.es\/cartelesdecine\/?p=21766\" class=\"more-link\">Continuar leyendo<span class=\"screen-reader-text\"> \u00abEntre nosotros (Alle Anderen) (2009)\u00bb<\/span><\/a><\/p>\n","protected":false},"author":1,"featured_media":0,"comment_status":"closed","ping_status":"closed","sticky":false,"template":"","format":"standard","meta":{"footnotes":""},"categories":[2],"tags":[],"class_list":["post-21766","post","type-post","status-publish","format-standard","hentry","category-peliculas"],"_links":{"self":[{"href":"https:\/\/cartelesmix.es\/cartelesdecine\/index.php?rest_route=\/wp\/v2\/posts\/21766","targetHints":{"allow":["GET"]}}],"collection":[{"href":"https:\/\/cartelesmix.es\/cartelesdecine\/index.php?rest_route=\/wp\/v2\/posts"}],"about":[{"href":"https:\/\/cartelesmix.es\/cartelesdecine\/index.php?rest_route=\/wp\/v2\/types\/post"}],"author":[{"embeddable":true,"href":"https:\/\/cartelesmix.es\/cartelesdecine\/index.php?rest_route=\/wp\/v2\/users\/1"}],"replies":[{"embeddable":true,"href":"https:\/\/cartelesmix.es\/cartelesdecine\/index.php?rest_route=%2Fwp%2Fv2%2Fcomments&post=21766"}],"version-history":[{"count":1,"href":"https:\/\/cartelesmix.es\/cartelesdecine\/index.php?rest_route=\/wp\/v2\/posts\/21766\/revisions"}],"predecessor-version":[{"id":98533,"href":"https:\/\/cartelesmix.es\/cartelesdecine\/index.php?rest_route=\/wp\/v2\/posts\/21766\/revisions\/98533"}],"wp:attachment":[{"href":"https:\/\/cartelesmix.es\/cartelesdecine\/index.php?rest_route=%2Fwp%2Fv2%2Fmedia&parent=21766"}],"wp:term":[{"taxonomy":"category","embeddable":true,"href":"https:\/\/cartelesmix.es\/cartelesdecine\/index.php?rest_route=%2Fwp%2Fv2%2Fcategories&post=21766"},{"taxonomy":"post_tag","embeddable":true,"href":"https:\/\/cartelesmix.es\/cartelesdecine\/index.php?rest_route=%2Fwp%2Fv2%2Ftags&post=21766"}],"curies":[{"name":"wp","href":"https:\/\/api.w.org\/{rel}","templated":true}]}}