{"id":233095,"date":"2021-04-07T12:27:15","date_gmt":"2021-04-07T11:27:15","guid":{"rendered":"https:\/\/cartelesmix.es\/cartelesdecine\/?p=233095"},"modified":"2021-04-08T13:15:51","modified_gmt":"2021-04-08T12:15:51","slug":"la-vida-por-delante-la-vita-davanti-a-se-2020","status":"publish","type":"post","link":"https:\/\/cartelesmix.es\/cartelesdecine\/?p=233095","title":{"rendered":"La vida por delante (La vita davanti a s\u00e9) (2020)"},"content":{"rendered":"<ul>\n<li><a href=\"http:\/\/www.imdb.com\/title\/tt10627584\/\" target=\"_blank\" rel=\"noopener noreferrer\">Enlace IMDB<\/a><\/li>\n<\/ul>\n<p><a href=\"https:\/\/cartelesmix.es\/cartelesdecine\/wp-content\/uploads\/2021\/04\/vidapordelante20001.jpg\" target=\"_blank\" rel=\"noopener\"><img loading=\"lazy\" decoding=\"async\" class=\"alignnone wp-image-233097 size-medium\" src=\"https:\/\/cartelesmix.es\/cartelesdecine\/wp-content\/uploads\/2021\/04\/vidapordelante20001-166x240.jpg\" alt=\"\" width=\"166\" height=\"240\" srcset=\"https:\/\/cartelesmix.es\/cartelesdecine\/wp-content\/uploads\/2021\/04\/vidapordelante20001-166x240.jpg 166w, https:\/\/cartelesmix.es\/cartelesdecine\/wp-content\/uploads\/2021\/04\/vidapordelante20001-768x1107.jpg 768w, https:\/\/cartelesmix.es\/cartelesdecine\/wp-content\/uploads\/2021\/04\/vidapordelante20001-1065x1536.jpg 1065w, https:\/\/cartelesmix.es\/cartelesdecine\/wp-content\/uploads\/2021\/04\/vidapordelante20001.jpg 1240w\" sizes=\"auto, (max-width: 166px) 100vw, 166px\" \/><\/a> <a href=\"https:\/\/cartelesmix.es\/cartelesdecine\/wp-content\/uploads\/2021\/04\/vidapordelante20002.jpg\" target=\"_blank\" rel=\"noopener\"><img loading=\"lazy\" decoding=\"async\" class=\"alignnone wp-image-233098 size-medium\" src=\"https:\/\/cartelesmix.es\/cartelesdecine\/wp-content\/uploads\/2021\/04\/vidapordelante20002-162x240.jpg\" alt=\"\" width=\"162\" height=\"240\" srcset=\"https:\/\/cartelesmix.es\/cartelesdecine\/wp-content\/uploads\/2021\/04\/vidapordelante20002-162x240.jpg 162w, https:\/\/cartelesmix.es\/cartelesdecine\/wp-content\/uploads\/2021\/04\/vidapordelante20002-768x1138.jpg 768w, https:\/\/cartelesmix.es\/cartelesdecine\/wp-content\/uploads\/2021\/04\/vidapordelante20002-1037x1536.jpg 1037w, https:\/\/cartelesmix.es\/cartelesdecine\/wp-content\/uploads\/2021\/04\/vidapordelante20002-1382x2048.jpg 1382w, https:\/\/cartelesmix.es\/cartelesdecine\/wp-content\/uploads\/2021\/04\/vidapordelante20002.jpg 2025w\" sizes=\"auto, (max-width: 162px) 100vw, 162px\" \/><\/a> <a href=\"https:\/\/cartelesmix.es\/cartelesdecine\/wp-content\/uploads\/2021\/04\/vidapordelante20003.jpg\" target=\"_blank\" rel=\"noopener\"><img loading=\"lazy\" decoding=\"async\" class=\"alignnone wp-image-233099 size-medium\" src=\"https:\/\/cartelesmix.es\/cartelesdecine\/wp-content\/uploads\/2021\/04\/vidapordelante20003-162x240.jpg\" alt=\"\" width=\"162\" height=\"240\" srcset=\"https:\/\/cartelesmix.es\/cartelesdecine\/wp-content\/uploads\/2021\/04\/vidapordelante20003-162x240.jpg 162w, https:\/\/cartelesmix.es\/cartelesdecine\/wp-content\/uploads\/2021\/04\/vidapordelante20003-768x1138.jpg 768w, https:\/\/cartelesmix.es\/cartelesdecine\/wp-content\/uploads\/2021\/04\/vidapordelante20003-1037x1536.jpg 1037w, https:\/\/cartelesmix.es\/cartelesdecine\/wp-content\/uploads\/2021\/04\/vidapordelante20003-1383x2048.jpg 1383w, https:\/\/cartelesmix.es\/cartelesdecine\/wp-content\/uploads\/2021\/04\/vidapordelante20003.jpg 1500w\" sizes=\"auto, (max-width: 162px) 100vw, 162px\" \/><\/a><\/p>\n<p>Nominada a Mejor canci\u00f3n: <strong>Io s\u00ec (Seen)<\/strong>. M\u00fasica por Diane Warren; y letra por Diane Warren y Laura Pausini<\/p>\n<p><iframe loading=\"lazy\" title=\"Laura Pausini - Io s\u00ec (Seen) [From The Life Ahead (La vita davanti a s\u00e9)] (Official Video)\" width=\"525\" height=\"295\" src=\"https:\/\/www.youtube.com\/embed\/imjSm7FNmwE?feature=oembed\" frameborder=\"0\" allow=\"accelerometer; autoplay; clipboard-write; encrypted-media; gyroscope; picture-in-picture; web-share\" referrerpolicy=\"strict-origin-when-cross-origin\" allowfullscreen><\/iframe><\/p>\n","protected":false},"excerpt":{"rendered":"<p>Enlace IMDB Nominada a Mejor canci\u00f3n: Io s\u00ec (Seen). M\u00fasica por Diane Warren; y letra por Diane Warren y Laura Pausini<\/p>\n","protected":false},"author":1,"featured_media":0,"comment_status":"closed","ping_status":"closed","sticky":false,"template":"","format":"standard","meta":{"footnotes":""},"categories":[2],"tags":[],"class_list":["post-233095","post","type-post","status-publish","format-standard","hentry","category-peliculas"],"_links":{"self":[{"href":"https:\/\/cartelesmix.es\/cartelesdecine\/index.php?rest_route=\/wp\/v2\/posts\/233095","targetHints":{"allow":["GET"]}}],"collection":[{"href":"https:\/\/cartelesmix.es\/cartelesdecine\/index.php?rest_route=\/wp\/v2\/posts"}],"about":[{"href":"https:\/\/cartelesmix.es\/cartelesdecine\/index.php?rest_route=\/wp\/v2\/types\/post"}],"author":[{"embeddable":true,"href":"https:\/\/cartelesmix.es\/cartelesdecine\/index.php?rest_route=\/wp\/v2\/users\/1"}],"replies":[{"embeddable":true,"href":"https:\/\/cartelesmix.es\/cartelesdecine\/index.php?rest_route=%2Fwp%2Fv2%2Fcomments&post=233095"}],"version-history":[{"count":3,"href":"https:\/\/cartelesmix.es\/cartelesdecine\/index.php?rest_route=\/wp\/v2\/posts\/233095\/revisions"}],"predecessor-version":[{"id":233229,"href":"https:\/\/cartelesmix.es\/cartelesdecine\/index.php?rest_route=\/wp\/v2\/posts\/233095\/revisions\/233229"}],"wp:attachment":[{"href":"https:\/\/cartelesmix.es\/cartelesdecine\/index.php?rest_route=%2Fwp%2Fv2%2Fmedia&parent=233095"}],"wp:term":[{"taxonomy":"category","embeddable":true,"href":"https:\/\/cartelesmix.es\/cartelesdecine\/index.php?rest_route=%2Fwp%2Fv2%2Fcategories&post=233095"},{"taxonomy":"post_tag","embeddable":true,"href":"https:\/\/cartelesmix.es\/cartelesdecine\/index.php?rest_route=%2Fwp%2Fv2%2Ftags&post=233095"}],"curies":[{"name":"wp","href":"https:\/\/api.w.org\/{rel}","templated":true}]}}