{"id":233137,"date":"2021-04-07T12:23:29","date_gmt":"2021-04-07T11:23:29","guid":{"rendered":"https:\/\/cartelesmix.es\/cartelesdecine\/?p=233137"},"modified":"2021-04-08T13:12:48","modified_gmt":"2021-04-08T12:12:48","slug":"festival-de-la-cancion-de-eurovision-la-historia-de-fire-saga-eurovision-song-contest-the-story-of-fire-saga-2020","status":"publish","type":"post","link":"https:\/\/cartelesmix.es\/cartelesdecine\/?p=233137","title":{"rendered":"Festival de la Canci\u00f3n de Eurovisi\u00f3n: La historia de Fire Saga (Eurovision Song Contest: The Story of Fire Saga) (2020)"},"content":{"rendered":"<ul>\n<li><a href=\"http:\/\/www.imdb.com\/title\/tt8580274\/\" target=\"_blank\" rel=\"noopener noreferrer\">Enlace IMDB<\/a><\/li>\n<\/ul>\n<p><a href=\"https:\/\/cartelesmix.es\/cartelesdecine\/wp-content\/uploads\/2021\/04\/festivalcancioneurovision20001.jpg\" target=\"_blank\" rel=\"noopener\"><img loading=\"lazy\" decoding=\"async\" class=\"alignnone wp-image-233139 size-medium\" src=\"https:\/\/cartelesmix.es\/cartelesdecine\/wp-content\/uploads\/2021\/04\/festivalcancioneurovision20001-162x240.jpg\" alt=\"\" width=\"162\" height=\"240\" srcset=\"https:\/\/cartelesmix.es\/cartelesdecine\/wp-content\/uploads\/2021\/04\/festivalcancioneurovision20001-162x240.jpg 162w, https:\/\/cartelesmix.es\/cartelesdecine\/wp-content\/uploads\/2021\/04\/festivalcancioneurovision20001-768x1138.jpg 768w, https:\/\/cartelesmix.es\/cartelesdecine\/wp-content\/uploads\/2021\/04\/festivalcancioneurovision20001-1037x1536.jpg 1037w, https:\/\/cartelesmix.es\/cartelesdecine\/wp-content\/uploads\/2021\/04\/festivalcancioneurovision20001-1383x2048.jpg 1383w, https:\/\/cartelesmix.es\/cartelesdecine\/wp-content\/uploads\/2021\/04\/festivalcancioneurovision20001.jpg 1500w\" sizes=\"auto, (max-width: 162px) 100vw, 162px\" \/><\/a> <a href=\"https:\/\/cartelesmix.es\/cartelesdecine\/wp-content\/uploads\/2021\/04\/festivalcancioneurovision20002.jpg\" target=\"_blank\" rel=\"noopener\"><img loading=\"lazy\" decoding=\"async\" class=\"alignnone wp-image-233140 size-medium\" src=\"https:\/\/cartelesmix.es\/cartelesdecine\/wp-content\/uploads\/2021\/04\/festivalcancioneurovision20002-160x240.jpg\" alt=\"\" width=\"160\" height=\"240\" srcset=\"https:\/\/cartelesmix.es\/cartelesdecine\/wp-content\/uploads\/2021\/04\/festivalcancioneurovision20002-160x240.jpg 160w, https:\/\/cartelesmix.es\/cartelesdecine\/wp-content\/uploads\/2021\/04\/festivalcancioneurovision20002-768x1152.jpg 768w, https:\/\/cartelesmix.es\/cartelesdecine\/wp-content\/uploads\/2021\/04\/festivalcancioneurovision20002-1024x1536.jpg 1024w, https:\/\/cartelesmix.es\/cartelesdecine\/wp-content\/uploads\/2021\/04\/festivalcancioneurovision20002-1365x2048.jpg 1365w, https:\/\/cartelesmix.es\/cartelesdecine\/wp-content\/uploads\/2021\/04\/festivalcancioneurovision20002.jpg 1400w\" sizes=\"auto, (max-width: 160px) 100vw, 160px\" \/><\/a> <a href=\"https:\/\/cartelesmix.es\/cartelesdecine\/wp-content\/uploads\/2021\/04\/festivalcancioneurovision20003.jpg\" target=\"_blank\" rel=\"noopener\"><img loading=\"lazy\" decoding=\"async\" class=\"alignnone wp-image-233141 size-medium\" src=\"https:\/\/cartelesmix.es\/cartelesdecine\/wp-content\/uploads\/2021\/04\/festivalcancioneurovision20003-160x240.jpg\" alt=\"\" width=\"160\" height=\"240\" srcset=\"https:\/\/cartelesmix.es\/cartelesdecine\/wp-content\/uploads\/2021\/04\/festivalcancioneurovision20003-160x240.jpg 160w, https:\/\/cartelesmix.es\/cartelesdecine\/wp-content\/uploads\/2021\/04\/festivalcancioneurovision20003-768x1152.jpg 768w, https:\/\/cartelesmix.es\/cartelesdecine\/wp-content\/uploads\/2021\/04\/festivalcancioneurovision20003-1024x1536.jpg 1024w, https:\/\/cartelesmix.es\/cartelesdecine\/wp-content\/uploads\/2021\/04\/festivalcancioneurovision20003-1365x2048.jpg 1365w, https:\/\/cartelesmix.es\/cartelesdecine\/wp-content\/uploads\/2021\/04\/festivalcancioneurovision20003.jpg 1481w\" sizes=\"auto, (max-width: 160px) 100vw, 160px\" \/><\/a> <a href=\"https:\/\/cartelesmix.es\/cartelesdecine\/wp-content\/uploads\/2021\/04\/festivalcancioneurovision20004.jpg\" target=\"_blank\" rel=\"noopener\"><img loading=\"lazy\" decoding=\"async\" class=\"alignnone wp-image-233142 size-medium\" src=\"https:\/\/cartelesmix.es\/cartelesdecine\/wp-content\/uploads\/2021\/04\/festivalcancioneurovision20004-162x240.jpg\" alt=\"\" width=\"162\" height=\"240\" srcset=\"https:\/\/cartelesmix.es\/cartelesdecine\/wp-content\/uploads\/2021\/04\/festivalcancioneurovision20004-162x240.jpg 162w, https:\/\/cartelesmix.es\/cartelesdecine\/wp-content\/uploads\/2021\/04\/festivalcancioneurovision20004-768x1138.jpg 768w, https:\/\/cartelesmix.es\/cartelesdecine\/wp-content\/uploads\/2021\/04\/festivalcancioneurovision20004-1037x1536.jpg 1037w, https:\/\/cartelesmix.es\/cartelesdecine\/wp-content\/uploads\/2021\/04\/festivalcancioneurovision20004-1383x2048.jpg 1383w, https:\/\/cartelesmix.es\/cartelesdecine\/wp-content\/uploads\/2021\/04\/festivalcancioneurovision20004.jpg 1500w\" sizes=\"auto, (max-width: 162px) 100vw, 162px\" \/><\/a> <a href=\"https:\/\/cartelesmix.es\/cartelesdecine\/wp-content\/uploads\/2021\/04\/festivalcancioneurovision20005.jpg\" target=\"_blank\" rel=\"noopener\"><img loading=\"lazy\" decoding=\"async\" class=\"alignnone wp-image-233143 size-medium\" src=\"https:\/\/cartelesmix.es\/cartelesdecine\/wp-content\/uploads\/2021\/04\/festivalcancioneurovision20005-240x105.jpg\" alt=\"\" width=\"240\" height=\"105\" srcset=\"https:\/\/cartelesmix.es\/cartelesdecine\/wp-content\/uploads\/2021\/04\/festivalcancioneurovision20005-240x105.jpg 240w, https:\/\/cartelesmix.es\/cartelesdecine\/wp-content\/uploads\/2021\/04\/festivalcancioneurovision20005-768x337.jpg 768w, https:\/\/cartelesmix.es\/cartelesdecine\/wp-content\/uploads\/2021\/04\/festivalcancioneurovision20005-1536x674.jpg 1536w, https:\/\/cartelesmix.es\/cartelesdecine\/wp-content\/uploads\/2021\/04\/festivalcancioneurovision20005-2048x899.jpg 2048w\" sizes=\"auto, (max-width: 240px) 100vw, 240px\" \/><\/a><\/p>\n<p>Nominada a Mejor canci\u00f3n: <strong>Husavic<\/strong>. M\u00fasica y letra por Savan Kotecha, Fat Max Gsus y Rickard G\u00f6ransson<\/p>\n<p><iframe loading=\"lazy\" title=\"Husavik - My Home Town (Official Video) | Eurovision Song Contest: The Story of Fire Saga\" width=\"525\" height=\"295\" src=\"https:\/\/www.youtube.com\/embed\/qjuphuG3ndw?feature=oembed\" frameborder=\"0\" allow=\"accelerometer; autoplay; clipboard-write; encrypted-media; gyroscope; picture-in-picture; web-share\" referrerpolicy=\"strict-origin-when-cross-origin\" allowfullscreen><\/iframe><\/p>\n","protected":false},"excerpt":{"rendered":"<p>Enlace IMDB Nominada a Mejor canci\u00f3n: Husavic. M\u00fasica y letra por Savan Kotecha, Fat Max Gsus y Rickard G\u00f6ransson<\/p>\n","protected":false},"author":1,"featured_media":0,"comment_status":"closed","ping_status":"closed","sticky":false,"template":"","format":"standard","meta":{"footnotes":""},"categories":[2],"tags":[],"class_list":["post-233137","post","type-post","status-publish","format-standard","hentry","category-peliculas"],"_links":{"self":[{"href":"https:\/\/cartelesmix.es\/cartelesdecine\/index.php?rest_route=\/wp\/v2\/posts\/233137","targetHints":{"allow":["GET"]}}],"collection":[{"href":"https:\/\/cartelesmix.es\/cartelesdecine\/index.php?rest_route=\/wp\/v2\/posts"}],"about":[{"href":"https:\/\/cartelesmix.es\/cartelesdecine\/index.php?rest_route=\/wp\/v2\/types\/post"}],"author":[{"embeddable":true,"href":"https:\/\/cartelesmix.es\/cartelesdecine\/index.php?rest_route=\/wp\/v2\/users\/1"}],"replies":[{"embeddable":true,"href":"https:\/\/cartelesmix.es\/cartelesdecine\/index.php?rest_route=%2Fwp%2Fv2%2Fcomments&post=233137"}],"version-history":[{"count":4,"href":"https:\/\/cartelesmix.es\/cartelesdecine\/index.php?rest_route=\/wp\/v2\/posts\/233137\/revisions"}],"predecessor-version":[{"id":233228,"href":"https:\/\/cartelesmix.es\/cartelesdecine\/index.php?rest_route=\/wp\/v2\/posts\/233137\/revisions\/233228"}],"wp:attachment":[{"href":"https:\/\/cartelesmix.es\/cartelesdecine\/index.php?rest_route=%2Fwp%2Fv2%2Fmedia&parent=233137"}],"wp:term":[{"taxonomy":"category","embeddable":true,"href":"https:\/\/cartelesmix.es\/cartelesdecine\/index.php?rest_route=%2Fwp%2Fv2%2Fcategories&post=233137"},{"taxonomy":"post_tag","embeddable":true,"href":"https:\/\/cartelesmix.es\/cartelesdecine\/index.php?rest_route=%2Fwp%2Fv2%2Ftags&post=233137"}],"curies":[{"name":"wp","href":"https:\/\/api.w.org\/{rel}","templated":true}]}}