{"id":23724,"date":"2010-06-13T18:08:12","date_gmt":"2010-06-13T18:08:12","guid":{"rendered":"http:\/\/cartelesmix.es\/?p=23724"},"modified":"2017-11-12T11:46:28","modified_gmt":"2017-11-12T11:46:28","slug":"ne-change-rien-ne-change-rien-2009","status":"publish","type":"post","link":"https:\/\/cartelesmix.es\/cartelesdecine\/?p=23724","title":{"rendered":"Ne change rien (Ne change rien) (2009)"},"content":{"rendered":"<div><strong>G\u00e9nero:<\/strong> Documental, M\u00fasica\u00a0\u00a0 <strong>Pa\u00eds:<\/strong> Portugal, Francia<\/div>\n<div>\n<div><strong>Direcci\u00f3n:<\/strong>\u00a0 Pedro Costa<\/div>\n<\/div>\n<div>\n<div><strong>Interpretaci\u00f3n:<\/strong>\u00a0 Documental, Jeanne Balibar, Rodolphe Burger, Arnaud Dieterlen, Herv\u00e9 Loos, Jo\u00ebl Theux<\/div>\n<div><strong>Sinopsis:<\/strong>\u00a0 Ne Change Rien nace de la amistad entre la actriz Jeanne Balibar, el ingeniero de sonido Philippe Morel y el cineasta Pedro Costa. Jeanne Balibar es una cantante que vive entre los ensayos y las grabaciones, los conciertos de rock y los cursos de canto l\u00edrico, entre un \u00e1tico en Sainte-Marie-aux-Mines y el escenario de un caf\u00e9 en Tokyo, de Johnny Guitar a la P\u00e9richole de Offenbach.<\/div>\n<\/div>\n<hr \/>\n<div>\n<div><strong>Carteles:<\/strong><\/div>\n<div><strong>\u00a0<\/strong><\/div>\n<div><a href=\"http:\/\/cartelesmix.es\/images\/CartelesN\/nechangerien0901.jpg\" target=\"_blank\"><img loading=\"lazy\" decoding=\"async\" class=\"alignnone size-medium wp-image-23782\" title=\"nechangerien0901\" src=\"http:\/\/cartelesmix.es\/images\/CartelesN\/nechangerien0901-180x240.jpg\" alt=\"\" width=\"180\" height=\"240\" \/><\/a>\u00a0<a href=\"http:\/\/cartelesmix.es\/images\/CartelesN\/nechangerien0902.jpg\" target=\"_blank\"><img loading=\"lazy\" decoding=\"async\" class=\"alignnone size-medium wp-image-23783\" title=\"nechangerien0902\" src=\"http:\/\/cartelesmix.es\/images\/CartelesN\/nechangerien0902-168x239.jpg\" alt=\"\" width=\"168\" height=\"239\" \/><\/a>\u00a0<a href=\"http:\/\/cartelesmix.es\/images\/CartelesN\/nechangerien0904.jpg\" target=\"_blank\"><img loading=\"lazy\" decoding=\"async\" class=\"alignnone size-medium wp-image-23781\" title=\"nechangerien0904\" src=\"http:\/\/cartelesmix.es\/images\/CartelesN\/nechangerien0904-171x239.jpg\" alt=\"\" width=\"171\" height=\"239\" \/><\/a>\u00a0<a href=\"http:\/\/cartelesmix.es\/images\/CartelesN\/nechangerien0903.jpg\" target=\"_blank\"><img loading=\"lazy\" decoding=\"async\" class=\"alignnone size-medium wp-image-23784\" title=\"nechangerien0903\" src=\"http:\/\/cartelesmix.es\/images\/CartelesN\/nechangerien0903-166x240.jpg\" alt=\"\" width=\"166\" height=\"240\" \/><\/a><\/div>\n<\/div>\n","protected":false},"excerpt":{"rendered":"<p>G\u00e9nero: Documental, M\u00fasica\u00a0\u00a0 Pa\u00eds: Portugal, Francia Direcci\u00f3n:\u00a0 Pedro Costa Interpretaci\u00f3n:\u00a0 Documental, Jeanne Balibar, Rodolphe Burger, Arnaud Dieterlen, Herv\u00e9 Loos, Jo\u00ebl Theux Sinopsis:\u00a0 Ne Change Rien nace de la amistad entre la actriz Jeanne Balibar, el ingeniero de sonido Philippe Morel y el cineasta Pedro Costa. Jeanne Balibar es una cantante que vive entre los ensayos &hellip; <\/p>\n<p class=\"link-more\"><a href=\"https:\/\/cartelesmix.es\/cartelesdecine\/?p=23724\" class=\"more-link\">Continuar leyendo<span class=\"screen-reader-text\"> \u00abNe change rien (Ne change rien) (2009)\u00bb<\/span><\/a><\/p>\n","protected":false},"author":1,"featured_media":0,"comment_status":"closed","ping_status":"closed","sticky":false,"template":"","format":"standard","meta":{"footnotes":""},"categories":[2],"tags":[],"class_list":["post-23724","post","type-post","status-publish","format-standard","hentry","category-peliculas"],"_links":{"self":[{"href":"https:\/\/cartelesmix.es\/cartelesdecine\/index.php?rest_route=\/wp\/v2\/posts\/23724","targetHints":{"allow":["GET"]}}],"collection":[{"href":"https:\/\/cartelesmix.es\/cartelesdecine\/index.php?rest_route=\/wp\/v2\/posts"}],"about":[{"href":"https:\/\/cartelesmix.es\/cartelesdecine\/index.php?rest_route=\/wp\/v2\/types\/post"}],"author":[{"embeddable":true,"href":"https:\/\/cartelesmix.es\/cartelesdecine\/index.php?rest_route=\/wp\/v2\/users\/1"}],"replies":[{"embeddable":true,"href":"https:\/\/cartelesmix.es\/cartelesdecine\/index.php?rest_route=%2Fwp%2Fv2%2Fcomments&post=23724"}],"version-history":[{"count":1,"href":"https:\/\/cartelesmix.es\/cartelesdecine\/index.php?rest_route=\/wp\/v2\/posts\/23724\/revisions"}],"predecessor-version":[{"id":98520,"href":"https:\/\/cartelesmix.es\/cartelesdecine\/index.php?rest_route=\/wp\/v2\/posts\/23724\/revisions\/98520"}],"wp:attachment":[{"href":"https:\/\/cartelesmix.es\/cartelesdecine\/index.php?rest_route=%2Fwp%2Fv2%2Fmedia&parent=23724"}],"wp:term":[{"taxonomy":"category","embeddable":true,"href":"https:\/\/cartelesmix.es\/cartelesdecine\/index.php?rest_route=%2Fwp%2Fv2%2Fcategories&post=23724"},{"taxonomy":"post_tag","embeddable":true,"href":"https:\/\/cartelesmix.es\/cartelesdecine\/index.php?rest_route=%2Fwp%2Fv2%2Ftags&post=23724"}],"curies":[{"name":"wp","href":"https:\/\/api.w.org\/{rel}","templated":true}]}}