{"id":30584,"date":"2010-09-11T11:44:30","date_gmt":"2010-09-11T09:44:30","guid":{"rendered":"http:\/\/cartelesmix.es\/?p=30584"},"modified":"2017-11-12T09:24:48","modified_gmt":"2017-11-12T09:24:48","slug":"balseros-balseros-2002","status":"publish","type":"post","link":"https:\/\/cartelesmix.es\/cartelesdecine\/?p=30584","title":{"rendered":"Balseros (Balseros) (2002)"},"content":{"rendered":"<div><strong>G\u00e9nero:<\/strong> Documental\u00a0\u00a0\u00a0 <strong>Pa\u00eds:<\/strong> Espa\u00f1a<\/div>\n<div>\n<div><strong>Direcci\u00f3n:<\/strong>\u00a0 Carlos Bosch, Josep Maria Dom\u00e8nech<\/div>\n<\/div>\n<div>\n<div><strong>Interpretaci\u00f3n:<\/strong>\u00a0 Guillermo Armas, Maria Celeste Arraras, Rafael Cano, Fidel Castro, Bill Clinton, Miriam Hern\u00e1ndez<\/div>\n<\/div>\n<div>\n<div><strong>Sinopsis:<\/strong>\u00a0 En 1994, como muchos otros, siete balseros se lanzaron al mar en busca de la tierra prometida. De Cuba a Estados Unidos. Del infierno al cielo. O por lo menos, eso es lo que ellos cre\u00edan. Pasado un tiempo, ser\u00e1n localizados en la base militar de Guant\u00e1namo (EEUU), donde fueron recluidos tras ser rescatados en alta mar. All\u00ed malviven esperando el d\u00eda en que por fin les sea concedido el visado para entrar a Estados Unidos. Cuando por fin logran abandonar la base, descubrir\u00e1n que su gran sue\u00f1o no tiene nada que ver con la realidad.<\/div>\n<\/div>\n<div>\n<div><strong>Premios:<\/strong><\/div>\n<div>2003: Nominada al Oscar: Mejor documental<br \/>\n2003: Nominado al Goya: Mejor documental<\/div>\n<\/div>\n<hr \/>\n<div>\n<div><strong>Carteles:<\/strong><\/div>\n<div><strong>\u00a0<\/strong><\/div>\n<div><a href=\"http:\/\/cartelesmix.es\/images\/CartelesB\/balseros0201.jpg\" target=\"_blank\"><img loading=\"lazy\" decoding=\"async\" class=\"alignnone size-medium wp-image-30588\" title=\"balseros0201\" src=\"http:\/\/cartelesmix.es\/images\/CartelesB\/balseros0201-168x240.jpg\" alt=\"\" width=\"168\" height=\"240\" \/><\/a>\u00a0<a href=\"http:\/\/cartelesmix.es\/images\/CartelesB\/balseros0202.jpg\" target=\"_blank\"><img loading=\"lazy\" decoding=\"async\" class=\"alignnone size-medium wp-image-30587\" title=\"balseros0202\" src=\"http:\/\/cartelesmix.es\/images\/CartelesB\/balseros0202-161x240.jpg\" alt=\"\" width=\"161\" height=\"240\" \/><\/a><\/div>\n<\/div>\n","protected":false},"excerpt":{"rendered":"<p>G\u00e9nero: Documental\u00a0\u00a0\u00a0 Pa\u00eds: Espa\u00f1a Direcci\u00f3n:\u00a0 Carlos Bosch, Josep Maria Dom\u00e8nech Interpretaci\u00f3n:\u00a0 Guillermo Armas, Maria Celeste Arraras, Rafael Cano, Fidel Castro, Bill Clinton, Miriam Hern\u00e1ndez Sinopsis:\u00a0 En 1994, como muchos otros, siete balseros se lanzaron al mar en busca de la tierra prometida. De Cuba a Estados Unidos. Del infierno al cielo. O por lo menos, &hellip; <\/p>\n<p class=\"link-more\"><a href=\"https:\/\/cartelesmix.es\/cartelesdecine\/?p=30584\" class=\"more-link\">Continuar leyendo<span class=\"screen-reader-text\"> \u00abBalseros (Balseros) (2002)\u00bb<\/span><\/a><\/p>\n","protected":false},"author":1,"featured_media":0,"comment_status":"closed","ping_status":"closed","sticky":false,"template":"","format":"standard","meta":{"footnotes":""},"categories":[2],"tags":[],"class_list":["post-30584","post","type-post","status-publish","format-standard","hentry","category-peliculas"],"_links":{"self":[{"href":"https:\/\/cartelesmix.es\/cartelesdecine\/index.php?rest_route=\/wp\/v2\/posts\/30584","targetHints":{"allow":["GET"]}}],"collection":[{"href":"https:\/\/cartelesmix.es\/cartelesdecine\/index.php?rest_route=\/wp\/v2\/posts"}],"about":[{"href":"https:\/\/cartelesmix.es\/cartelesdecine\/index.php?rest_route=\/wp\/v2\/types\/post"}],"author":[{"embeddable":true,"href":"https:\/\/cartelesmix.es\/cartelesdecine\/index.php?rest_route=\/wp\/v2\/users\/1"}],"replies":[{"embeddable":true,"href":"https:\/\/cartelesmix.es\/cartelesdecine\/index.php?rest_route=%2Fwp%2Fv2%2Fcomments&post=30584"}],"version-history":[{"count":1,"href":"https:\/\/cartelesmix.es\/cartelesdecine\/index.php?rest_route=\/wp\/v2\/posts\/30584\/revisions"}],"predecessor-version":[{"id":98322,"href":"https:\/\/cartelesmix.es\/cartelesdecine\/index.php?rest_route=\/wp\/v2\/posts\/30584\/revisions\/98322"}],"wp:attachment":[{"href":"https:\/\/cartelesmix.es\/cartelesdecine\/index.php?rest_route=%2Fwp%2Fv2%2Fmedia&parent=30584"}],"wp:term":[{"taxonomy":"category","embeddable":true,"href":"https:\/\/cartelesmix.es\/cartelesdecine\/index.php?rest_route=%2Fwp%2Fv2%2Fcategories&post=30584"},{"taxonomy":"post_tag","embeddable":true,"href":"https:\/\/cartelesmix.es\/cartelesdecine\/index.php?rest_route=%2Fwp%2Fv2%2Ftags&post=30584"}],"curies":[{"name":"wp","href":"https:\/\/api.w.org\/{rel}","templated":true}]}}