{"id":30788,"date":"2010-09-12T10:37:55","date_gmt":"2010-09-12T08:37:55","guid":{"rendered":"http:\/\/cartelesmix.es\/?p=30788"},"modified":"2017-11-12T09:24:47","modified_gmt":"2017-11-12T09:24:47","slug":"la-batalla-del-alamein-la-battaglia-di-el-alamein-the-battle-of-elalamein-1969","status":"publish","type":"post","link":"https:\/\/cartelesmix.es\/cartelesdecine\/?p=30788","title":{"rendered":"La Batalla del Alamein (La battaglia di El Alamein) (The Battle of Elalamein) (1969)"},"content":{"rendered":"<div><strong>G\u00e9nero:<\/strong> Acci\u00f3n, Aventura, B\u00e9lica, Drama\u00a0\u00a0\u00a0 <strong>Pa\u00eds:<\/strong> Italia, Francia<\/div>\n<div>\n<div><strong>Direcci\u00f3n:<\/strong>\u00a0 Giorgio Ferroni<\/div>\n<\/div>\n<div>\n<div><strong>Interpretaci\u00f3n:<\/strong>\u00a0 Frederick Stafford, George Hilton, Michael Rennie, Marco Guglielmi, Ettore Manni, G\u00e9rard Herter, Robert Hossein<\/div>\n<div><strong>Sinopsis:<\/strong>\u00a0 1942. Segunda Guerra Mundial. La lucha por la supervivencia se fragu\u00f3 durante doce d\u00edas salvajes en pleno desierto libio. Las tropas alemanas y las aliadas se enfrentaron en El Alamein, un paraje inh\u00f3spito siempre azotado por el viento. Por el lado aliado, el mariscal Montgomery que dirig\u00eda el VIII Ej\u00e9rcito brit\u00e1nico, conocido como \u00ablas ratas del desierto\u00bb; por el otro, el mariscal Erwin Rommel, el zorro del desierto, que dirig\u00eda a los Afrika Korps en su intento de ayudar a las tropas italianas.<\/p>\n<hr \/>\n<\/div>\n<\/div>\n<div>\n<div><strong>Carteles:<\/strong><\/div>\n<div><strong>\u00a0<\/strong><\/div>\n<div><a href=\"http:\/\/cartelesmix.es\/images\/CartelesB\/batalladelalamein6901.jpg\" target=\"_blank\"><img loading=\"lazy\" decoding=\"async\" class=\"alignnone size-medium wp-image-30792\" title=\"batalladelalamein6901\" src=\"http:\/\/cartelesmix.es\/images\/CartelesB\/batalladelalamein6901-169x240.jpg\" alt=\"\" width=\"169\" height=\"240\" \/><\/a>\u00a0<a href=\"http:\/\/cartelesmix.es\/images\/CartelesB\/batalladelalamein6902.jpg\" target=\"_blank\"><img loading=\"lazy\" decoding=\"async\" class=\"alignnone size-medium wp-image-30791\" title=\"batalladelalamein6902\" src=\"http:\/\/cartelesmix.es\/images\/CartelesB\/batalladelalamein6902-174x240.jpg\" alt=\"\" width=\"174\" height=\"240\" \/><\/a><\/div>\n<\/div>\n","protected":false},"excerpt":{"rendered":"<p>G\u00e9nero: Acci\u00f3n, Aventura, B\u00e9lica, Drama\u00a0\u00a0\u00a0 Pa\u00eds: Italia, Francia Direcci\u00f3n:\u00a0 Giorgio Ferroni Interpretaci\u00f3n:\u00a0 Frederick Stafford, George Hilton, Michael Rennie, Marco Guglielmi, Ettore Manni, G\u00e9rard Herter, Robert Hossein Sinopsis:\u00a0 1942. Segunda Guerra Mundial. La lucha por la supervivencia se fragu\u00f3 durante doce d\u00edas salvajes en pleno desierto libio. Las tropas alemanas y las aliadas se enfrentaron en &hellip; <\/p>\n<p class=\"link-more\"><a href=\"https:\/\/cartelesmix.es\/cartelesdecine\/?p=30788\" class=\"more-link\">Continuar leyendo<span class=\"screen-reader-text\"> \u00abLa Batalla del Alamein (La battaglia di El Alamein) (The Battle of Elalamein) (1969)\u00bb<\/span><\/a><\/p>\n","protected":false},"author":1,"featured_media":0,"comment_status":"closed","ping_status":"closed","sticky":false,"template":"","format":"standard","meta":{"footnotes":""},"categories":[2],"tags":[],"class_list":["post-30788","post","type-post","status-publish","format-standard","hentry","category-peliculas"],"_links":{"self":[{"href":"https:\/\/cartelesmix.es\/cartelesdecine\/index.php?rest_route=\/wp\/v2\/posts\/30788","targetHints":{"allow":["GET"]}}],"collection":[{"href":"https:\/\/cartelesmix.es\/cartelesdecine\/index.php?rest_route=\/wp\/v2\/posts"}],"about":[{"href":"https:\/\/cartelesmix.es\/cartelesdecine\/index.php?rest_route=\/wp\/v2\/types\/post"}],"author":[{"embeddable":true,"href":"https:\/\/cartelesmix.es\/cartelesdecine\/index.php?rest_route=\/wp\/v2\/users\/1"}],"replies":[{"embeddable":true,"href":"https:\/\/cartelesmix.es\/cartelesdecine\/index.php?rest_route=%2Fwp%2Fv2%2Fcomments&post=30788"}],"version-history":[{"count":1,"href":"https:\/\/cartelesmix.es\/cartelesdecine\/index.php?rest_route=\/wp\/v2\/posts\/30788\/revisions"}],"predecessor-version":[{"id":98315,"href":"https:\/\/cartelesmix.es\/cartelesdecine\/index.php?rest_route=\/wp\/v2\/posts\/30788\/revisions\/98315"}],"wp:attachment":[{"href":"https:\/\/cartelesmix.es\/cartelesdecine\/index.php?rest_route=%2Fwp%2Fv2%2Fmedia&parent=30788"}],"wp:term":[{"taxonomy":"category","embeddable":true,"href":"https:\/\/cartelesmix.es\/cartelesdecine\/index.php?rest_route=%2Fwp%2Fv2%2Fcategories&post=30788"},{"taxonomy":"post_tag","embeddable":true,"href":"https:\/\/cartelesmix.es\/cartelesdecine\/index.php?rest_route=%2Fwp%2Fv2%2Ftags&post=30788"}],"curies":[{"name":"wp","href":"https:\/\/api.w.org\/{rel}","templated":true}]}}