{"id":30997,"date":"2010-09-15T06:38:08","date_gmt":"2010-09-15T04:38:08","guid":{"rendered":"http:\/\/cartelesmix.es\/?p=30997"},"modified":"2017-11-12T09:24:47","modified_gmt":"2017-11-12T09:24:47","slug":"el-gran-vazquez-el-gran-vazquez-2010","status":"publish","type":"post","link":"https:\/\/cartelesmix.es\/cartelesdecine\/?p=30997","title":{"rendered":"El gran V\u00e1zquez (El gran V\u00e1zquez) (2010)"},"content":{"rendered":"<div><strong>G\u00e9nero:<\/strong> Biograf\u00eda, Comedia\u00a0\u00a0\u00a0 <strong>Pa\u00eds:<\/strong> Espa\u00f1a<\/div>\n<div>\n<div><strong>Direcci\u00f3n:<\/strong>\u00a0 \u00d3scar Aibar<\/div>\n<\/div>\n<div>\n<div><strong>Interpretaci\u00f3n:<\/strong>\u00a0 Santiago Segura, \u00c1lex Angulo, Manolo Solo, Biel Dur\u00e1n, Enrique Vill\u00e9n, Merc\u00e8 Llorens, Pere Ponce, Jes\u00fas Guzm\u00e1n, Pep Sais, Itziar Aizpuru, Itziar Castro<\/div>\n<\/div>\n<div>\n<div><strong>Sinopsis:<\/strong>\u00a0 Biopic sobre el emblem\u00e1tico historietista espa\u00f1ol Manuel V\u00e1zquez, creador entre otro de &#8216;Anacleto&#8217; y &#8216;Las hermanas Gilda&#8217;.<br \/>\nEl film nos sit\u00faa en Barcelona, en los a\u00f1os 60. V\u00e1zquez, el mejor dibujante de tebeos de Espa\u00f1a, disfruta de lo que quiere cuando quiere, no paga nada, esquiva con ingenio a sus acreedores, burla y tima a sus jefes y se casa alegremente coleccionando una familia tras otra. Hasta que un gris contable de su editorial decide que debe pasar por el aro como todo hijo de vecino. No ser\u00e1 tarea f\u00e1cil: para el genial dibujante, la vida es una fiesta en la que hay que colarse si no te han invitado.<\/div>\n<\/div>\n<hr \/>\n<div>\n<div><strong>Carteles:<\/strong><\/div>\n<div><strong>\u00a0<\/strong><\/div>\n<div><a href=\"http:\/\/cartelesmix.es\/images\/CartelesG\/granvazquez1001.jpg\" target=\"_blank\"><img loading=\"lazy\" decoding=\"async\" class=\"alignnone size-medium wp-image-32090\" title=\"granvazquez1001\" src=\"http:\/\/cartelesmix.es\/images\/CartelesG\/granvazquez1001-169x240.jpg\" alt=\"\" width=\"169\" height=\"240\" \/><\/a><\/div>\n<\/div>\n","protected":false},"excerpt":{"rendered":"<p>G\u00e9nero: Biograf\u00eda, Comedia\u00a0\u00a0\u00a0 Pa\u00eds: Espa\u00f1a Direcci\u00f3n:\u00a0 \u00d3scar Aibar Interpretaci\u00f3n:\u00a0 Santiago Segura, \u00c1lex Angulo, Manolo Solo, Biel Dur\u00e1n, Enrique Vill\u00e9n, Merc\u00e8 Llorens, Pere Ponce, Jes\u00fas Guzm\u00e1n, Pep Sais, Itziar Aizpuru, Itziar Castro Sinopsis:\u00a0 Biopic sobre el emblem\u00e1tico historietista espa\u00f1ol Manuel V\u00e1zquez, creador entre otro de &#8216;Anacleto&#8217; y &#8216;Las hermanas Gilda&#8217;. El film nos sit\u00faa en Barcelona, &hellip; <\/p>\n<p class=\"link-more\"><a href=\"https:\/\/cartelesmix.es\/cartelesdecine\/?p=30997\" class=\"more-link\">Continuar leyendo<span class=\"screen-reader-text\"> \u00abEl gran V\u00e1zquez (El gran V\u00e1zquez) (2010)\u00bb<\/span><\/a><\/p>\n","protected":false},"author":1,"featured_media":0,"comment_status":"closed","ping_status":"closed","sticky":false,"template":"","format":"standard","meta":{"footnotes":""},"categories":[2],"tags":[],"class_list":["post-30997","post","type-post","status-publish","format-standard","hentry","category-peliculas"],"_links":{"self":[{"href":"https:\/\/cartelesmix.es\/cartelesdecine\/index.php?rest_route=\/wp\/v2\/posts\/30997","targetHints":{"allow":["GET"]}}],"collection":[{"href":"https:\/\/cartelesmix.es\/cartelesdecine\/index.php?rest_route=\/wp\/v2\/posts"}],"about":[{"href":"https:\/\/cartelesmix.es\/cartelesdecine\/index.php?rest_route=\/wp\/v2\/types\/post"}],"author":[{"embeddable":true,"href":"https:\/\/cartelesmix.es\/cartelesdecine\/index.php?rest_route=\/wp\/v2\/users\/1"}],"replies":[{"embeddable":true,"href":"https:\/\/cartelesmix.es\/cartelesdecine\/index.php?rest_route=%2Fwp%2Fv2%2Fcomments&post=30997"}],"version-history":[{"count":1,"href":"https:\/\/cartelesmix.es\/cartelesdecine\/index.php?rest_route=\/wp\/v2\/posts\/30997\/revisions"}],"predecessor-version":[{"id":98309,"href":"https:\/\/cartelesmix.es\/cartelesdecine\/index.php?rest_route=\/wp\/v2\/posts\/30997\/revisions\/98309"}],"wp:attachment":[{"href":"https:\/\/cartelesmix.es\/cartelesdecine\/index.php?rest_route=%2Fwp%2Fv2%2Fmedia&parent=30997"}],"wp:term":[{"taxonomy":"category","embeddable":true,"href":"https:\/\/cartelesmix.es\/cartelesdecine\/index.php?rest_route=%2Fwp%2Fv2%2Fcategories&post=30997"},{"taxonomy":"post_tag","embeddable":true,"href":"https:\/\/cartelesmix.es\/cartelesdecine\/index.php?rest_route=%2Fwp%2Fv2%2Ftags&post=30997"}],"curies":[{"name":"wp","href":"https:\/\/api.w.org\/{rel}","templated":true}]}}