{"id":31062,"date":"2010-09-18T07:50:22","date_gmt":"2010-09-18T05:50:22","guid":{"rendered":"http:\/\/cartelesmix.es\/?p=31062"},"modified":"2017-11-12T09:24:46","modified_gmt":"2017-11-12T09:24:46","slug":"el-bosque-animado-el-bosque-animado-1987","status":"publish","type":"post","link":"https:\/\/cartelesmix.es\/cartelesdecine\/?p=31062","title":{"rendered":"El bosque animado (El bosque animado) (1987)"},"content":{"rendered":"<div><strong>G\u00e9nero:<\/strong> Comedia, Fantas\u00eda\u00a0\u00a0\u00a0 <strong>Pa\u00eds:<\/strong> Espa\u00f1a<\/div>\n<div>\n<div><strong>Direcci\u00f3n:<\/strong>\u00a0 Jos\u00e9 Luis Cuerda<\/div>\n<\/div>\n<div>\n<div><strong>Interpretaci\u00f3n:<\/strong>\u00a0 Alfredo Landa, Miguel Rell\u00e1n, Manuel Alexandre, Fernando Valverde, Alejandra Grepi, Encarna Paso, Amparo Bar\u00f3, Alicia Hermida, Mar\u00eda Isbert, Luis Ciges, Paca Gabald\u00f3n, Fernando Rey, Antonio Gamero, Alicia Agut, Alicia S\u00e1nchez<\/div>\n<div><strong>Sinopsis:<\/strong>\u00a0 Personajes tiernos y humanos se pasean por este bosque animado y componen una telara\u00f1a de historias que se entrecruzan: un bandido, un pocero, una ni\u00f1a que trabaja, un chico que no quiere trabajar, una muchacha que emigra, un fantasma que busca compa\u00f1\u00eda&#8230;<\/div>\n<\/div>\n<div>\n<div><strong>Premios:<\/strong><\/div>\n<div>1987: 5 Goyas: Mejor pel\u00edcula, mejor actor (Alfredo Landa), gui\u00f3n, m\u00fasica original y dise\u00f1o de vestuario<\/div>\n<\/div>\n<hr \/>\n<div>\n<div><strong>Carteles:<\/strong><\/div>\n<div><strong>\u00a0<\/strong><\/div>\n<div><a href=\"http:\/\/cartelesmix.es\/images\/CartelesB\/bosqueanimado8701.jpg\" target=\"_blank\"><img loading=\"lazy\" decoding=\"async\" class=\"alignnone size-medium wp-image-31325\" title=\"bosqueanimado8701\" src=\"http:\/\/cartelesmix.es\/images\/CartelesB\/bosqueanimado8701-167x240.jpg\" alt=\"\" width=\"167\" height=\"240\" \/><\/a>\u00a0<a href=\"http:\/\/cartelesmix.es\/images\/CartelesB\/bosqueanimado8702.jpg\" target=\"_blank\"><img loading=\"lazy\" decoding=\"async\" class=\"alignnone size-medium wp-image-31326\" title=\"bosqueanimado8702\" src=\"http:\/\/cartelesmix.es\/images\/CartelesB\/bosqueanimado8702-172x240.jpg\" alt=\"\" width=\"172\" height=\"240\" \/><\/a>\u00a0<a href=\"http:\/\/cartelesmix.es\/images\/CartelesB\/bosqueanimado8703.jpg\" target=\"_blank\"><img loading=\"lazy\" decoding=\"async\" class=\"alignnone size-medium wp-image-31327\" title=\"bosqueanimado8703\" src=\"http:\/\/cartelesmix.es\/images\/CartelesB\/bosqueanimado8703-176x240.jpg\" alt=\"\" width=\"176\" height=\"240\" \/><\/a><\/div>\n<\/div>\n","protected":false},"excerpt":{"rendered":"<p>G\u00e9nero: Comedia, Fantas\u00eda\u00a0\u00a0\u00a0 Pa\u00eds: Espa\u00f1a Direcci\u00f3n:\u00a0 Jos\u00e9 Luis Cuerda Interpretaci\u00f3n:\u00a0 Alfredo Landa, Miguel Rell\u00e1n, Manuel Alexandre, Fernando Valverde, Alejandra Grepi, Encarna Paso, Amparo Bar\u00f3, Alicia Hermida, Mar\u00eda Isbert, Luis Ciges, Paca Gabald\u00f3n, Fernando Rey, Antonio Gamero, Alicia Agut, Alicia S\u00e1nchez Sinopsis:\u00a0 Personajes tiernos y humanos se pasean por este bosque animado y componen una telara\u00f1a &hellip; <\/p>\n<p class=\"link-more\"><a href=\"https:\/\/cartelesmix.es\/cartelesdecine\/?p=31062\" class=\"more-link\">Continuar leyendo<span class=\"screen-reader-text\"> \u00abEl bosque animado (El bosque animado) (1987)\u00bb<\/span><\/a><\/p>\n","protected":false},"author":1,"featured_media":0,"comment_status":"closed","ping_status":"closed","sticky":false,"template":"","format":"standard","meta":{"footnotes":""},"categories":[2],"tags":[],"class_list":["post-31062","post","type-post","status-publish","format-standard","hentry","category-peliculas"],"_links":{"self":[{"href":"https:\/\/cartelesmix.es\/cartelesdecine\/index.php?rest_route=\/wp\/v2\/posts\/31062","targetHints":{"allow":["GET"]}}],"collection":[{"href":"https:\/\/cartelesmix.es\/cartelesdecine\/index.php?rest_route=\/wp\/v2\/posts"}],"about":[{"href":"https:\/\/cartelesmix.es\/cartelesdecine\/index.php?rest_route=\/wp\/v2\/types\/post"}],"author":[{"embeddable":true,"href":"https:\/\/cartelesmix.es\/cartelesdecine\/index.php?rest_route=\/wp\/v2\/users\/1"}],"replies":[{"embeddable":true,"href":"https:\/\/cartelesmix.es\/cartelesdecine\/index.php?rest_route=%2Fwp%2Fv2%2Fcomments&post=31062"}],"version-history":[{"count":1,"href":"https:\/\/cartelesmix.es\/cartelesdecine\/index.php?rest_route=\/wp\/v2\/posts\/31062\/revisions"}],"predecessor-version":[{"id":98302,"href":"https:\/\/cartelesmix.es\/cartelesdecine\/index.php?rest_route=\/wp\/v2\/posts\/31062\/revisions\/98302"}],"wp:attachment":[{"href":"https:\/\/cartelesmix.es\/cartelesdecine\/index.php?rest_route=%2Fwp%2Fv2%2Fmedia&parent=31062"}],"wp:term":[{"taxonomy":"category","embeddable":true,"href":"https:\/\/cartelesmix.es\/cartelesdecine\/index.php?rest_route=%2Fwp%2Fv2%2Fcategories&post=31062"},{"taxonomy":"post_tag","embeddable":true,"href":"https:\/\/cartelesmix.es\/cartelesdecine\/index.php?rest_route=%2Fwp%2Fv2%2Ftags&post=31062"}],"curies":[{"name":"wp","href":"https:\/\/api.w.org\/{rel}","templated":true}]}}