{"id":5172,"date":"2020-06-28T08:25:25","date_gmt":"2020-06-28T06:25:25","guid":{"rendered":"http:\/\/www.mixcarteles.com\/cartelesmix\/?p=5172"},"modified":"2020-06-28T10:34:14","modified_gmt":"2020-06-28T08:34:14","slug":"el-abuelo-el-abuelo-1998","status":"publish","type":"post","link":"https:\/\/cartelesmix.es\/cartelesdecine\/?p=5172","title":{"rendered":"El abuelo (El abuelo) (1998)"},"content":{"rendered":"<div><strong>G\u00e9nero:<\/strong> Drama\u00a0 <strong>Pa\u00eds:<\/strong> Espa\u00f1a<\/div>\n<div>\n<div><strong>Direcci\u00f3n:<\/strong>\u00a0 Jos\u00e9 Luis Garci<\/div>\n<\/div>\n<div>\n<div><strong>Interpretaci\u00f3n:<\/strong>\u00a0 Fernando Fern\u00e1n-G\u00f3mez, Rafael Alonso, Cayetana Guill\u00e9n Cuervo, Agust\u00edn Gonz\u00e1lez, Cristina Cruz M\u00ednguez, Alicia Rozas, Fernando Guill\u00e9n, Francisco Piquer, Emma Cohen, Antonio Valero, Nuria Rodr\u00edguez<\/div>\n<div>\n<p><strong>Sinopsis:\u00a0 <\/strong>Comienza el siglo XX en una peque\u00f1a villa del Norte. Y las gentes a\u00fan se preguntan: \u00bfEl honor familiar&#8230; Qu\u00e9 es?. Don Rodrigo de Arista Potestad, Conde de Albrit, Se\u00f1or de Jerusa y de Pol\u00e1n, cre\u00eda saberlo. Hasta que regres\u00f3 de Am\u00e9rica viejo, casi ciego y arruinado.<\/p>\n<ul>\n<li><a href=\"http:\/\/www.imdb.com\/title\/tt0176415\/\" target=\"_blank\" rel=\"noopener noreferrer\">Enlace IMDB<\/a><\/li>\n<\/ul>\n<div>\n<hr \/>\n<\/div>\n<div>\n<div><strong>Carteles:<\/strong><\/div>\n<div><strong>\u00a0<\/strong><\/div>\n<div><a href=\"https:\/\/cartelesmix.es\/cartelesdecine\/wp-content\/uploads\/2020\/06\/abuelo98001.jpg\" target=\"_blank\" rel=\"noopener noreferrer\"><img loading=\"lazy\" decoding=\"async\" class=\"alignnone wp-image-230694 size-medium\" src=\"https:\/\/cartelesmix.es\/cartelesdecine\/wp-content\/uploads\/2020\/06\/abuelo98001-170x240.jpg\" alt=\"\" width=\"170\" height=\"240\" srcset=\"https:\/\/cartelesmix.es\/cartelesdecine\/wp-content\/uploads\/2020\/06\/abuelo98001-170x240.jpg 170w, https:\/\/cartelesmix.es\/cartelesdecine\/wp-content\/uploads\/2020\/06\/abuelo98001-768x1082.jpg 768w, https:\/\/cartelesmix.es\/cartelesdecine\/wp-content\/uploads\/2020\/06\/abuelo98001-1090x1536.jpg 1090w, https:\/\/cartelesmix.es\/cartelesdecine\/wp-content\/uploads\/2020\/06\/abuelo98001.jpg 1419w\" sizes=\"auto, (max-width: 170px) 100vw, 170px\" \/><\/a> <a href=\"https:\/\/cartelesmix.es\/cartelesdecine\/wp-content\/uploads\/2020\/06\/abuelo98002.jpg\" target=\"_blank\" rel=\"noopener noreferrer\"><img loading=\"lazy\" decoding=\"async\" class=\"alignnone wp-image-230695 size-medium\" src=\"https:\/\/cartelesmix.es\/cartelesdecine\/wp-content\/uploads\/2020\/06\/abuelo98002-176x240.jpg\" alt=\"\" width=\"176\" height=\"240\" srcset=\"https:\/\/cartelesmix.es\/cartelesdecine\/wp-content\/uploads\/2020\/06\/abuelo98002-176x240.jpg 176w, https:\/\/cartelesmix.es\/cartelesdecine\/wp-content\/uploads\/2020\/06\/abuelo98002-768x1048.jpg 768w, https:\/\/cartelesmix.es\/cartelesdecine\/wp-content\/uploads\/2020\/06\/abuelo98002-1126x1536.jpg 1126w, https:\/\/cartelesmix.es\/cartelesdecine\/wp-content\/uploads\/2020\/06\/abuelo98002.jpg 1250w\" sizes=\"auto, (max-width: 176px) 100vw, 176px\" \/><\/a><\/div>\n<\/div>\n<\/div>\n<\/div>\n","protected":false},"excerpt":{"rendered":"<p>G\u00e9nero: Drama\u00a0 Pa\u00eds: Espa\u00f1a Direcci\u00f3n:\u00a0 Jos\u00e9 Luis Garci Interpretaci\u00f3n:\u00a0 Fernando Fern\u00e1n-G\u00f3mez, Rafael Alonso, Cayetana Guill\u00e9n Cuervo, Agust\u00edn Gonz\u00e1lez, Cristina Cruz M\u00ednguez, Alicia Rozas, Fernando Guill\u00e9n, Francisco Piquer, Emma Cohen, Antonio Valero, Nuria Rodr\u00edguez Sinopsis:\u00a0 Comienza el siglo XX en una peque\u00f1a villa del Norte. Y las gentes a\u00fan se preguntan: \u00bfEl honor familiar&#8230; Qu\u00e9 es?. &hellip; <\/p>\n<p class=\"link-more\"><a href=\"https:\/\/cartelesmix.es\/cartelesdecine\/?p=5172\" class=\"more-link\">Continuar leyendo<span class=\"screen-reader-text\"> \u00abEl abuelo (El abuelo) (1998)\u00bb<\/span><\/a><\/p>\n","protected":false},"author":1,"featured_media":0,"comment_status":"closed","ping_status":"closed","sticky":false,"template":"","format":"standard","meta":{"footnotes":""},"categories":[2],"tags":[],"class_list":["post-5172","post","type-post","status-publish","format-standard","hentry","category-peliculas"],"_links":{"self":[{"href":"https:\/\/cartelesmix.es\/cartelesdecine\/index.php?rest_route=\/wp\/v2\/posts\/5172","targetHints":{"allow":["GET"]}}],"collection":[{"href":"https:\/\/cartelesmix.es\/cartelesdecine\/index.php?rest_route=\/wp\/v2\/posts"}],"about":[{"href":"https:\/\/cartelesmix.es\/cartelesdecine\/index.php?rest_route=\/wp\/v2\/types\/post"}],"author":[{"embeddable":true,"href":"https:\/\/cartelesmix.es\/cartelesdecine\/index.php?rest_route=\/wp\/v2\/users\/1"}],"replies":[{"embeddable":true,"href":"https:\/\/cartelesmix.es\/cartelesdecine\/index.php?rest_route=%2Fwp%2Fv2%2Fcomments&post=5172"}],"version-history":[{"count":3,"href":"https:\/\/cartelesmix.es\/cartelesdecine\/index.php?rest_route=\/wp\/v2\/posts\/5172\/revisions"}],"predecessor-version":[{"id":230697,"href":"https:\/\/cartelesmix.es\/cartelesdecine\/index.php?rest_route=\/wp\/v2\/posts\/5172\/revisions\/230697"}],"wp:attachment":[{"href":"https:\/\/cartelesmix.es\/cartelesdecine\/index.php?rest_route=%2Fwp%2Fv2%2Fmedia&parent=5172"}],"wp:term":[{"taxonomy":"category","embeddable":true,"href":"https:\/\/cartelesmix.es\/cartelesdecine\/index.php?rest_route=%2Fwp%2Fv2%2Fcategories&post=5172"},{"taxonomy":"post_tag","embeddable":true,"href":"https:\/\/cartelesmix.es\/cartelesdecine\/index.php?rest_route=%2Fwp%2Fv2%2Ftags&post=5172"}],"curies":[{"name":"wp","href":"https:\/\/api.w.org\/{rel}","templated":true}]}}