{"id":5701,"date":"2010-02-20T17:55:00","date_gmt":"2010-02-20T16:55:00","guid":{"rendered":"http:\/\/www.mixcarteles.com\/cartelesmix\/?p=5701"},"modified":"2017-11-20T06:30:36","modified_gmt":"2017-11-20T06:30:36","slug":"el-cielo-dividido-el-cielo-dividido-2006","status":"publish","type":"post","link":"https:\/\/cartelesmix.es\/cartelesdecine\/?p=5701","title":{"rendered":"El cielo dividido (El cielo dividido) (2006)"},"content":{"rendered":"<div>\n<div><strong>G\u00e9nero:<\/strong>\u00a0Drama\u00a0\u00a0\u00a0 <strong>Pa\u00eds:<\/strong>\u00a0M\u00e9xico<\/div>\n<div>\n<div><strong>Direcci\u00f3n:<\/strong>\u00a0 Juli\u00e1n Hern\u00e1ndez<\/div>\n<\/div>\n<div>\n<div><strong>Interpretaci\u00f3n:<\/strong>\u00a0 Miguel \u00c1ngel Hoppe, Fernando Arroyo, Alejandro Rojo, Ignacio Pereda, Klaudia Aragon, Clarissa Rend\u00f3n, Pilar Ruiz, Ortos Soyuz<\/div>\n<\/div>\n<\/div>\n<div>\n<div><strong>Sinopsis:<\/strong> Gerardo y Jon\u00e1s se reencuentran porque se han buscado; en una primera mirada se descubren c\u00f3mplices a\u00f1ejos. De ah\u00ed una cita, otra, el hotel, la universidad, las discotecas, la intimidad, los besos, la piel, el reencuentro, la fusi\u00f3n, la cama, la regadera&#8230; la sensaci\u00f3n de permanecer contra la distancia, contra el tiempo, los va fusionando nuevamente, como en un rito perenne obligado a repetirse, para mantener la continuidad de los acontecimientos vitales. Su historia de amor se interrumpe con la aparici\u00f3n de Bruno quien se convierte en el nuevo objeto del deseo de Jon\u00e1s.<\/div>\n<\/div>\n<hr \/>\n<div>\n<div><strong>Carteles:<\/strong><\/div>\n<div><strong>\u00a0<\/strong><\/div>\n<div><a href=\"http:\/\/cartelesmix.es\/images\/CartelesC\/cielodividido0601.jpg\" target=\"_blank\"><img loading=\"lazy\" decoding=\"async\" class=\"alignnone size-medium wp-image-56861\" title=\"cielodividido0601\" src=\"http:\/\/cartelesmix.es\/images\/CartelesC\/cielodividido0601-168x240.jpg\" alt=\"\" width=\"168\" height=\"240\" \/><\/a>\u00a0<a href=\"http:\/\/cartelesmix.es\/images\/CartelesC\/cielodividido0602.jpg\" target=\"_blank\"><img loading=\"lazy\" decoding=\"async\" class=\"alignnone size-medium wp-image-56862\" title=\"cielodividido0602\" src=\"http:\/\/cartelesmix.es\/images\/CartelesC\/cielodividido0602-168x240.jpg\" alt=\"\" width=\"168\" height=\"240\" \/><\/a>\u00a0<a href=\"http:\/\/cartelesmix.es\/images\/CartelesC\/cielodividido0603.jpg\" target=\"_blank\"><img loading=\"lazy\" decoding=\"async\" class=\"alignnone size-medium wp-image-56863\" title=\"cielodividido0603\" src=\"http:\/\/cartelesmix.es\/images\/CartelesC\/cielodividido0603-160x240.jpg\" alt=\"\" width=\"160\" height=\"240\" \/><\/a>\u00a0<a href=\"http:\/\/cartelesmix.es\/images\/CartelesC\/cielodividido0604.jpg\" target=\"_blank\"><img loading=\"lazy\" decoding=\"async\" class=\"alignnone size-medium wp-image-56864\" title=\"cielodividido0604\" src=\"http:\/\/cartelesmix.es\/images\/CartelesC\/cielodividido0604-163x240.jpg\" alt=\"\" width=\"163\" height=\"240\" \/><\/a>\u00a0<a href=\"http:\/\/cartelesmix.es\/images\/CartelesC\/cielodividido0605.jpg\" target=\"_blank\"><img loading=\"lazy\" decoding=\"async\" class=\"alignnone size-medium wp-image-56865\" title=\"cielodividido0605\" src=\"http:\/\/cartelesmix.es\/images\/CartelesC\/cielodividido0605-169x240.jpg\" alt=\"\" width=\"169\" height=\"240\" \/><\/a>\u00a0<a href=\"http:\/\/cartelesmix.es\/images\/CartelesC\/cielodividido0606.jpg\" target=\"_blank\"><img loading=\"lazy\" decoding=\"async\" class=\"alignnone size-medium wp-image-56867\" title=\"cielodividido0606\" src=\"http:\/\/cartelesmix.es\/images\/CartelesC\/cielodividido0606-186x240.jpg\" alt=\"\" width=\"186\" height=\"240\" \/><\/a>\u00a0<a href=\"http:\/\/cartelesmix.es\/images\/CartelesC\/cielodividido0607.jpg\" target=\"_blank\"><img loading=\"lazy\" decoding=\"async\" class=\"alignnone size-medium wp-image-56868\" title=\"cielodividido0607\" src=\"http:\/\/cartelesmix.es\/images\/CartelesC\/cielodividido0607-169x240.jpg\" alt=\"\" width=\"169\" height=\"240\" \/><\/a>\u00a0<a href=\"http:\/\/cartelesmix.es\/images\/CartelesC\/cielodividido0608.jpg\" target=\"_blank\"><img loading=\"lazy\" decoding=\"async\" class=\"alignnone size-medium wp-image-56860\" title=\"cielodividido0608\" src=\"http:\/\/cartelesmix.es\/images\/CartelesC\/cielodividido0608-168x240.jpg\" alt=\"\" width=\"168\" height=\"240\" \/><\/a>\u00a0<\/div>\n<\/div>\n","protected":false},"excerpt":{"rendered":"<p>G\u00e9nero:\u00a0Drama\u00a0\u00a0\u00a0 Pa\u00eds:\u00a0M\u00e9xico Direcci\u00f3n:\u00a0 Juli\u00e1n Hern\u00e1ndez Interpretaci\u00f3n:\u00a0 Miguel \u00c1ngel Hoppe, Fernando Arroyo, Alejandro Rojo, Ignacio Pereda, Klaudia Aragon, Clarissa Rend\u00f3n, Pilar Ruiz, Ortos Soyuz Sinopsis: Gerardo y Jon\u00e1s se reencuentran porque se han buscado; en una primera mirada se descubren c\u00f3mplices a\u00f1ejos. De ah\u00ed una cita, otra, el hotel, la universidad, las discotecas, la intimidad, los &hellip; <\/p>\n<p class=\"link-more\"><a href=\"https:\/\/cartelesmix.es\/cartelesdecine\/?p=5701\" class=\"more-link\">Continuar leyendo<span class=\"screen-reader-text\"> \u00abEl cielo dividido (El cielo dividido) (2006)\u00bb<\/span><\/a><\/p>\n","protected":false},"author":1,"featured_media":0,"comment_status":"closed","ping_status":"closed","sticky":false,"template":"","format":"standard","meta":{"footnotes":""},"categories":[2],"tags":[],"class_list":["post-5701","post","type-post","status-publish","format-standard","hentry","category-peliculas"],"_links":{"self":[{"href":"https:\/\/cartelesmix.es\/cartelesdecine\/index.php?rest_route=\/wp\/v2\/posts\/5701","targetHints":{"allow":["GET"]}}],"collection":[{"href":"https:\/\/cartelesmix.es\/cartelesdecine\/index.php?rest_route=\/wp\/v2\/posts"}],"about":[{"href":"https:\/\/cartelesmix.es\/cartelesdecine\/index.php?rest_route=\/wp\/v2\/types\/post"}],"author":[{"embeddable":true,"href":"https:\/\/cartelesmix.es\/cartelesdecine\/index.php?rest_route=\/wp\/v2\/users\/1"}],"replies":[{"embeddable":true,"href":"https:\/\/cartelesmix.es\/cartelesdecine\/index.php?rest_route=%2Fwp%2Fv2%2Fcomments&post=5701"}],"version-history":[{"count":1,"href":"https:\/\/cartelesmix.es\/cartelesdecine\/index.php?rest_route=\/wp\/v2\/posts\/5701\/revisions"}],"predecessor-version":[{"id":105397,"href":"https:\/\/cartelesmix.es\/cartelesdecine\/index.php?rest_route=\/wp\/v2\/posts\/5701\/revisions\/105397"}],"wp:attachment":[{"href":"https:\/\/cartelesmix.es\/cartelesdecine\/index.php?rest_route=%2Fwp%2Fv2%2Fmedia&parent=5701"}],"wp:term":[{"taxonomy":"category","embeddable":true,"href":"https:\/\/cartelesmix.es\/cartelesdecine\/index.php?rest_route=%2Fwp%2Fv2%2Fcategories&post=5701"},{"taxonomy":"post_tag","embeddable":true,"href":"https:\/\/cartelesmix.es\/cartelesdecine\/index.php?rest_route=%2Fwp%2Fv2%2Ftags&post=5701"}],"curies":[{"name":"wp","href":"https:\/\/api.w.org\/{rel}","templated":true}]}}