{"id":6864,"date":"2010-03-02T06:47:35","date_gmt":"2010-03-02T05:47:35","guid":{"rendered":"http:\/\/www.mixcarteles.com\/cartelesmix\/?p=6864"},"modified":"2017-11-20T06:30:28","modified_gmt":"2017-11-20T06:30:28","slug":"los-ninos-de-timpelbach-les-enfants-de-timpelbach-trouble-at-timpetill-2008","status":"publish","type":"post","link":"https:\/\/cartelesmix.es\/cartelesdecine\/?p=6864","title":{"rendered":"Los ni\u00f1os de Timpelbach (Les enfants de Timpelbach) (Trouble at Timpetill) (2008)"},"content":{"rendered":"<p><strong>G\u00e9nero:<\/strong>\u00a0Fant\u00e1stico, Infantil\u00a0 <strong>Pa\u00eds:<\/strong> Francia<br \/>\n<strong>Director:<\/strong> Nicolas Bary<br \/>\n<strong>Int\u00e9rpretes:<\/strong> Rapha\u00ebl Katz, Ad\u00e8le Exarchopoulos, L\u00e9o Legrand, Baptiste B\u00e9toulaud, Martin Jobert, G\u00e9rard Depardieu, Carole Bouquet<br \/>\n<strong>Sinopsis:<\/strong>\u00a0Cansados de las constantes travesuras de los indisciplinados ni\u00f1os que no aceptan ninguna autoridad, los adultos de Timpelbach deciden abandonar la ciudad para darles una lecci\u00f3n. \u00a1Una ciudad sin padres! No es una mala noticia para todo el mundo. Una vez solos, sin adultos, las dos bandas intentar\u00e1n hacerse con el control de la aldea, pero se dar\u00e1n cuenta de que no todo es tan f\u00e1cil como cre\u00edan, y que cuidarse a s\u00ed mismos es m\u00e1s duro de lo que pensaban.\u00a0<\/p>\n<hr \/>\n<p>\u00a0<strong>Carteles:<\/strong><\/p>\n<p><a href=\"http:\/\/cartelesmix.es\/images\/CartelesN\/ninosdetimpelbach0801.jpg\" target=\"_blank\"><img loading=\"lazy\" decoding=\"async\" class=\"alignnone size-medium wp-image-52745\" title=\"ninosdetimpelbach0801\" src=\"http:\/\/cartelesmix.es\/images\/CartelesN\/ninosdetimpelbach0801-176x240.jpg\" alt=\"\" width=\"176\" height=\"240\" \/><\/a>\u00a0<a href=\"http:\/\/cartelesmix.es\/images\/CartelesN\/ninosdetimpelbach0802.jpg\" target=\"_blank\"><img loading=\"lazy\" decoding=\"async\" class=\"alignnone size-medium wp-image-52747\" title=\"ninosdetimpelbach0802\" src=\"http:\/\/cartelesmix.es\/images\/CartelesN\/ninosdetimpelbach0802-163x240.jpg\" alt=\"\" width=\"163\" height=\"240\" \/><\/a>\u00a0<a href=\"http:\/\/cartelesmix.es\/images\/CartelesN\/ninosdetimpelbach0803.jpg\" target=\"_blank\"><img loading=\"lazy\" decoding=\"async\" class=\"alignnone size-medium wp-image-52748\" title=\"ninosdetimpelbach0803\" src=\"http:\/\/cartelesmix.es\/images\/CartelesN\/ninosdetimpelbach0803-170x240.jpg\" alt=\"\" width=\"170\" height=\"240\" \/><\/a>\u00a0<a href=\"http:\/\/cartelesmix.es\/images\/CartelesN\/ninosdetimpelbach0804.jpg\" target=\"_blank\"><img loading=\"lazy\" decoding=\"async\" class=\"alignnone size-medium wp-image-52749\" title=\"ninosdetimpelbach0804\" src=\"http:\/\/cartelesmix.es\/images\/CartelesN\/ninosdetimpelbach0804-176x240.jpg\" alt=\"\" width=\"176\" height=\"240\" \/><\/a>\u00a0<a href=\"http:\/\/cartelesmix.es\/images\/CartelesN\/ninosdetimpelbach0805.jpg\" target=\"_blank\"><img loading=\"lazy\" decoding=\"async\" class=\"alignnone size-medium wp-image-52750\" title=\"ninosdetimpelbach0805\" src=\"http:\/\/cartelesmix.es\/images\/CartelesN\/ninosdetimpelbach0805-176x240.jpg\" alt=\"\" width=\"176\" height=\"240\" \/><\/a>\u00a0<a href=\"http:\/\/cartelesmix.es\/images\/CartelesN\/ninosdetimpelbach0806.jpg\" target=\"_blank\"><img loading=\"lazy\" decoding=\"async\" class=\"alignnone size-medium wp-image-52751\" title=\"ninosdetimpelbach0806\" src=\"http:\/\/cartelesmix.es\/images\/CartelesN\/ninosdetimpelbach0806-176x240.jpg\" alt=\"\" width=\"176\" height=\"240\" \/><\/a>\u00a0<a href=\"http:\/\/cartelesmix.es\/images\/CartelesN\/ninosdetimpelbach0807.jpg\" target=\"_blank\"><img loading=\"lazy\" decoding=\"async\" class=\"alignnone size-medium wp-image-52742\" title=\"ninosdetimpelbach0807\" src=\"http:\/\/cartelesmix.es\/images\/CartelesN\/ninosdetimpelbach0807-240x169.jpg\" alt=\"\" width=\"240\" height=\"169\" \/><\/a><\/p>\n","protected":false},"excerpt":{"rendered":"<p>G\u00e9nero:\u00a0Fant\u00e1stico, Infantil\u00a0 Pa\u00eds: Francia Director: Nicolas Bary Int\u00e9rpretes: Rapha\u00ebl Katz, Ad\u00e8le Exarchopoulos, L\u00e9o Legrand, Baptiste B\u00e9toulaud, Martin Jobert, G\u00e9rard Depardieu, Carole Bouquet Sinopsis:\u00a0Cansados de las constantes travesuras de los indisciplinados ni\u00f1os que no aceptan ninguna autoridad, los adultos de Timpelbach deciden abandonar la ciudad para darles una lecci\u00f3n. \u00a1Una ciudad sin padres! No es una &hellip; <\/p>\n<p class=\"link-more\"><a href=\"https:\/\/cartelesmix.es\/cartelesdecine\/?p=6864\" class=\"more-link\">Continuar leyendo<span class=\"screen-reader-text\"> \u00abLos ni\u00f1os de Timpelbach (Les enfants de Timpelbach) (Trouble at Timpetill) (2008)\u00bb<\/span><\/a><\/p>\n","protected":false},"author":1,"featured_media":0,"comment_status":"closed","ping_status":"closed","sticky":false,"template":"","format":"standard","meta":{"footnotes":""},"categories":[2],"tags":[],"class_list":["post-6864","post","type-post","status-publish","format-standard","hentry","category-peliculas"],"_links":{"self":[{"href":"https:\/\/cartelesmix.es\/cartelesdecine\/index.php?rest_route=\/wp\/v2\/posts\/6864","targetHints":{"allow":["GET"]}}],"collection":[{"href":"https:\/\/cartelesmix.es\/cartelesdecine\/index.php?rest_route=\/wp\/v2\/posts"}],"about":[{"href":"https:\/\/cartelesmix.es\/cartelesdecine\/index.php?rest_route=\/wp\/v2\/types\/post"}],"author":[{"embeddable":true,"href":"https:\/\/cartelesmix.es\/cartelesdecine\/index.php?rest_route=\/wp\/v2\/users\/1"}],"replies":[{"embeddable":true,"href":"https:\/\/cartelesmix.es\/cartelesdecine\/index.php?rest_route=%2Fwp%2Fv2%2Fcomments&post=6864"}],"version-history":[{"count":1,"href":"https:\/\/cartelesmix.es\/cartelesdecine\/index.php?rest_route=\/wp\/v2\/posts\/6864\/revisions"}],"predecessor-version":[{"id":105349,"href":"https:\/\/cartelesmix.es\/cartelesdecine\/index.php?rest_route=\/wp\/v2\/posts\/6864\/revisions\/105349"}],"wp:attachment":[{"href":"https:\/\/cartelesmix.es\/cartelesdecine\/index.php?rest_route=%2Fwp%2Fv2%2Fmedia&parent=6864"}],"wp:term":[{"taxonomy":"category","embeddable":true,"href":"https:\/\/cartelesmix.es\/cartelesdecine\/index.php?rest_route=%2Fwp%2Fv2%2Fcategories&post=6864"},{"taxonomy":"post_tag","embeddable":true,"href":"https:\/\/cartelesmix.es\/cartelesdecine\/index.php?rest_route=%2Fwp%2Fv2%2Ftags&post=6864"}],"curies":[{"name":"wp","href":"https:\/\/api.w.org\/{rel}","templated":true}]}}