{"id":6894,"date":"2010-03-03T20:00:27","date_gmt":"2010-03-03T19:00:27","guid":{"rendered":"http:\/\/www.mixcarteles.com\/cartelesmix\/?p=6894"},"modified":"2017-11-20T06:30:28","modified_gmt":"2017-11-20T06:30:28","slug":"my-man-godfrey","status":"publish","type":"post","link":"https:\/\/cartelesmix.es\/cartelesdecine\/?p=6894","title":{"rendered":"Res P\u00fablica (Res P\u00fablica) (2009)"},"content":{"rendered":"<div><strong>G\u00e9nero:<\/strong> Drama\u00a0 <strong>Pa\u00eds:<\/strong> Espa\u00f1a<\/div>\n<div>\n<div><strong>Direcci\u00f3n:<\/strong>\u00a0 Jos\u00e9 Mar\u00eda Nunes<\/div>\n<\/div>\n<div>\n<div><strong>Interpretaci\u00f3n:<\/strong>\u00a0 Jos\u00e9 Mar\u00eda Blanco<\/div>\n<div><strong>Sinopsis:<\/strong>\u00a0 Un hombre explica su suicidio, largamente meditado, como manifestaci\u00f3n de protesta contra esta \u00e9poca en la que le ha tocado vivir. Intenta hacer una apolog\u00eda de la libertad que no ha conseguido alcanzar, a pesar de su permanente rebeli\u00f3n, tan solo en algunas ocasiones en las que ha amado, con las pocas mujeres que ha tenido relaci\u00f3n, con la amistad de unos cuantos amigos y amigas; y con la familia de la cual solo le queda el padre. Es feliz cuando ya sabe que se liberar\u00e1 y conseguir\u00e1 la absoluta libertad tan deseada.<\/div>\n<div><a href=\"http:\/\/cartelesmix.es\/images\/CartelesR\/respublica0901.jpg\" target=\"_blank\"><img loading=\"lazy\" decoding=\"async\" class=\"alignnone size-medium wp-image-52740\" title=\"respublica0901\" src=\"http:\/\/cartelesmix.es\/images\/CartelesR\/respublica0901-168x240.jpg\" alt=\"\" width=\"168\" height=\"240\" \/><\/a><\/div>\n<\/div>\n","protected":false},"excerpt":{"rendered":"<p>G\u00e9nero: Drama\u00a0 Pa\u00eds: Espa\u00f1a Direcci\u00f3n:\u00a0 Jos\u00e9 Mar\u00eda Nunes Interpretaci\u00f3n:\u00a0 Jos\u00e9 Mar\u00eda Blanco Sinopsis:\u00a0 Un hombre explica su suicidio, largamente meditado, como manifestaci\u00f3n de protesta contra esta \u00e9poca en la que le ha tocado vivir. Intenta hacer una apolog\u00eda de la libertad que no ha conseguido alcanzar, a pesar de su permanente rebeli\u00f3n, tan solo en &hellip; <\/p>\n<p class=\"link-more\"><a href=\"https:\/\/cartelesmix.es\/cartelesdecine\/?p=6894\" class=\"more-link\">Continuar leyendo<span class=\"screen-reader-text\"> \u00abRes P\u00fablica (Res P\u00fablica) (2009)\u00bb<\/span><\/a><\/p>\n","protected":false},"author":1,"featured_media":0,"comment_status":"closed","ping_status":"closed","sticky":false,"template":"","format":"standard","meta":{"footnotes":""},"categories":[2],"tags":[],"class_list":["post-6894","post","type-post","status-publish","format-standard","hentry","category-peliculas"],"_links":{"self":[{"href":"https:\/\/cartelesmix.es\/cartelesdecine\/index.php?rest_route=\/wp\/v2\/posts\/6894","targetHints":{"allow":["GET"]}}],"collection":[{"href":"https:\/\/cartelesmix.es\/cartelesdecine\/index.php?rest_route=\/wp\/v2\/posts"}],"about":[{"href":"https:\/\/cartelesmix.es\/cartelesdecine\/index.php?rest_route=\/wp\/v2\/types\/post"}],"author":[{"embeddable":true,"href":"https:\/\/cartelesmix.es\/cartelesdecine\/index.php?rest_route=\/wp\/v2\/users\/1"}],"replies":[{"embeddable":true,"href":"https:\/\/cartelesmix.es\/cartelesdecine\/index.php?rest_route=%2Fwp%2Fv2%2Fcomments&post=6894"}],"version-history":[{"count":1,"href":"https:\/\/cartelesmix.es\/cartelesdecine\/index.php?rest_route=\/wp\/v2\/posts\/6894\/revisions"}],"predecessor-version":[{"id":105348,"href":"https:\/\/cartelesmix.es\/cartelesdecine\/index.php?rest_route=\/wp\/v2\/posts\/6894\/revisions\/105348"}],"wp:attachment":[{"href":"https:\/\/cartelesmix.es\/cartelesdecine\/index.php?rest_route=%2Fwp%2Fv2%2Fmedia&parent=6894"}],"wp:term":[{"taxonomy":"category","embeddable":true,"href":"https:\/\/cartelesmix.es\/cartelesdecine\/index.php?rest_route=%2Fwp%2Fv2%2Fcategories&post=6894"},{"taxonomy":"post_tag","embeddable":true,"href":"https:\/\/cartelesmix.es\/cartelesdecine\/index.php?rest_route=%2Fwp%2Fv2%2Ftags&post=6894"}],"curies":[{"name":"wp","href":"https:\/\/api.w.org\/{rel}","templated":true}]}}