{"id":7157,"date":"2010-03-06T08:42:45","date_gmt":"2010-03-06T07:42:45","guid":{"rendered":"http:\/\/www.mixcarteles.com\/cartelesmix\/?p=7157"},"modified":"2017-11-20T06:30:25","modified_gmt":"2017-11-20T06:30:25","slug":"el-corazon-del-guerrero-el-corazon-del-guerrero-1999","status":"publish","type":"post","link":"https:\/\/cartelesmix.es\/cartelesdecine\/?p=7157","title":{"rendered":"El coraz\u00f3n del guerrero (El coraz\u00f3n del guerrero) (1999)"},"content":{"rendered":"<div>\n<div><strong>G\u00e9nero:<\/strong>\u00a0Drama,\u00a0Fantas\u00eda\u00a0\u00a0\u00a0 <strong>Pa\u00eds:<\/strong>\u00a0Espa\u00f1a<\/div>\n<div>\n<div><strong>Direcci\u00f3n:<\/strong> Daniel Monz\u00f3n<\/div>\n<\/div>\n<div>\n<div><strong>Interpretaci\u00f3n:<\/strong> Fernando Ramallo, Neus Asensi, Joel Joan, Javier Aller, Santiago Segura, Adri\u00e0 Collado, Jaime Barnat\u00e1n, Montse Guallar, Juan D\u00edaz, Rub\u00e9n Ochandiano, Elio Gonz\u00e1lez<\/div>\n<\/div>\n<\/div>\n<div>\n<div><strong>Sinopsis:<\/strong> Ram\u00f3n es un adolescente flaco y debilucho, pero dentro de su coraz\u00f3n existen otros mundos. Y tanto es as\u00ed que, se siente Beldar. Un personaje de un juego de rol que practica todas las noches en compa\u00f1\u00eda de sus amigos. Beldar es quien \u00e9l quiere ser en su otro juego, es su otro yo. Beldar, en la ficci\u00f3n, es un ladr\u00f3n que pertenece al legendario universo de la espada y la brujer\u00eda, junto a su compa\u00f1era Sonja roba una piedra preciosa con forma de coraz\u00f3n humano en una cripta de una mal\u00e9fica secta. Pero la piedra transmite su hechizo, y tras perder el sentido Beldar despierta metamorfoseado en el cuerpo de un joven de 16 a\u00f1os llamado Ram\u00f3n.<\/div>\n<\/div>\n<div>\n<hr \/>\n<\/div>\n<div>\n<div><strong>Carteles:<\/strong><\/div>\n<div><strong>\u00a0<\/strong><\/div>\n<div><a href=\"http:\/\/cartelesmix.es\/images\/CartelesC\/corazonguerrero0001.jpg\" target=\"_blank\"><img loading=\"lazy\" decoding=\"async\" class=\"alignnone size-medium wp-image-57559\" title=\"corazonguerrero0001\" src=\"http:\/\/cartelesmix.es\/images\/CartelesC\/corazonguerrero0001-164x240.jpg\" alt=\"\" width=\"164\" height=\"240\" \/><\/a>\u00a0<a href=\"http:\/\/cartelesmix.es\/images\/CartelesC\/corazonguerrero0002.jpg\" target=\"_blank\"><img loading=\"lazy\" decoding=\"async\" class=\"alignnone size-medium wp-image-57558\" title=\"corazonguerrero0002\" src=\"http:\/\/cartelesmix.es\/images\/CartelesC\/corazonguerrero0002-163x240.jpg\" alt=\"\" width=\"163\" height=\"240\" \/><\/a><\/div>\n<\/div>\n","protected":false},"excerpt":{"rendered":"<p>G\u00e9nero:\u00a0Drama,\u00a0Fantas\u00eda\u00a0\u00a0\u00a0 Pa\u00eds:\u00a0Espa\u00f1a Direcci\u00f3n: Daniel Monz\u00f3n Interpretaci\u00f3n: Fernando Ramallo, Neus Asensi, Joel Joan, Javier Aller, Santiago Segura, Adri\u00e0 Collado, Jaime Barnat\u00e1n, Montse Guallar, Juan D\u00edaz, Rub\u00e9n Ochandiano, Elio Gonz\u00e1lez Sinopsis: Ram\u00f3n es un adolescente flaco y debilucho, pero dentro de su coraz\u00f3n existen otros mundos. Y tanto es as\u00ed que, se siente Beldar. Un personaje de &hellip; <\/p>\n<p class=\"link-more\"><a href=\"https:\/\/cartelesmix.es\/cartelesdecine\/?p=7157\" class=\"more-link\">Continuar leyendo<span class=\"screen-reader-text\"> \u00abEl coraz\u00f3n del guerrero (El coraz\u00f3n del guerrero) (1999)\u00bb<\/span><\/a><\/p>\n","protected":false},"author":1,"featured_media":0,"comment_status":"closed","ping_status":"closed","sticky":false,"template":"","format":"standard","meta":{"footnotes":""},"categories":[2],"tags":[],"class_list":["post-7157","post","type-post","status-publish","format-standard","hentry","category-peliculas"],"_links":{"self":[{"href":"https:\/\/cartelesmix.es\/cartelesdecine\/index.php?rest_route=\/wp\/v2\/posts\/7157","targetHints":{"allow":["GET"]}}],"collection":[{"href":"https:\/\/cartelesmix.es\/cartelesdecine\/index.php?rest_route=\/wp\/v2\/posts"}],"about":[{"href":"https:\/\/cartelesmix.es\/cartelesdecine\/index.php?rest_route=\/wp\/v2\/types\/post"}],"author":[{"embeddable":true,"href":"https:\/\/cartelesmix.es\/cartelesdecine\/index.php?rest_route=\/wp\/v2\/users\/1"}],"replies":[{"embeddable":true,"href":"https:\/\/cartelesmix.es\/cartelesdecine\/index.php?rest_route=%2Fwp%2Fv2%2Fcomments&post=7157"}],"version-history":[{"count":1,"href":"https:\/\/cartelesmix.es\/cartelesdecine\/index.php?rest_route=\/wp\/v2\/posts\/7157\/revisions"}],"predecessor-version":[{"id":105336,"href":"https:\/\/cartelesmix.es\/cartelesdecine\/index.php?rest_route=\/wp\/v2\/posts\/7157\/revisions\/105336"}],"wp:attachment":[{"href":"https:\/\/cartelesmix.es\/cartelesdecine\/index.php?rest_route=%2Fwp%2Fv2%2Fmedia&parent=7157"}],"wp:term":[{"taxonomy":"category","embeddable":true,"href":"https:\/\/cartelesmix.es\/cartelesdecine\/index.php?rest_route=%2Fwp%2Fv2%2Fcategories&post=7157"},{"taxonomy":"post_tag","embeddable":true,"href":"https:\/\/cartelesmix.es\/cartelesdecine\/index.php?rest_route=%2Fwp%2Fv2%2Ftags&post=7157"}],"curies":[{"name":"wp","href":"https:\/\/api.w.org\/{rel}","templated":true}]}}