{"id":7394,"date":"2010-03-06T19:10:45","date_gmt":"2010-03-06T18:10:45","guid":{"rendered":"http:\/\/www.mixcarteles.com\/cartelesmix\/?p=7394"},"modified":"2017-11-20T06:29:38","modified_gmt":"2017-11-20T06:29:38","slug":"el-funeral-the-funeral-1996","status":"publish","type":"post","link":"https:\/\/cartelesmix.es\/cartelesdecine\/?p=7394","title":{"rendered":"El funeral (The Funeral ) (1996)"},"content":{"rendered":"<div>\n<div><strong>G\u00e9nero:<\/strong>\u00a0Crimen,\u00a0Drama\u00a0\u00a0\u00a0 <strong>Pa\u00eds:<\/strong>\u00a0Estados Unidos<\/div>\n<div>\n<div><strong>Direcci\u00f3n:<\/strong> Abel Ferrara<\/div>\n<\/div>\n<div>\n<div><strong>Interpretaci\u00f3n:<\/strong> Christopher Walken,\u00a0Benicio del Toro,\u00a0Vincent Gallo,\u00a0Chris Penn,\u00a0Isabella Rossellini,\u00a0Annabella Sciorra,\u00a0Amber Smith,\u00a0Gretchen Mol,\u00a0John Ventimiglia,\u00a0Victor Argo,\u00a0Edie Falco,\u00a0David Patrick Kelly,\u00a0Chuck Zito<\/div>\n<div><strong>Sinopsis:<\/strong> La historia de la familia Tempio, un clan mafioso dirigido por tres ambiciosos hermanos. Toda la familia se re\u00fane para asistir al funeral de Johnny, el hermano menor, que se supone ha sido asesinado por Gaspare Spaglia, su m\u00e1ximo rival en el mundo del crimen. Mientras se desarrolla el funeral, las im\u00e1genes van mostrando c\u00f3mo se ha llegado a esa situaci\u00f3n, cu\u00e1l ha sido la trayectoria de los tres hermanos: Johnny, Ray y Chez. Ante el ata\u00fad de su hermano, Ray pide venganza.<\/div>\n<\/div>\n<\/div>\n<div>\n<hr \/>\n<\/div>\n<div>\n<div><strong>Carteles:<\/strong><\/div>\n<div><strong>\u00a0<\/strong><\/div>\n<div><a href=\"http:\/\/cartelesmix.es\/images\/CartelesF\/funeral9601.jpg\" target=\"_blank\"><img loading=\"lazy\" decoding=\"async\" class=\"alignnone size-medium wp-image-61523\" title=\"funeral9601\" src=\"http:\/\/cartelesmix.es\/images\/CartelesF\/funeral9601-179x240.jpg\" alt=\"\" width=\"179\" height=\"240\" \/><\/a>\u00a0<a href=\"http:\/\/cartelesmix.es\/images\/CartelesF\/funeral9602.jpg\" target=\"_blank\"><img loading=\"lazy\" decoding=\"async\" class=\"alignnone size-medium wp-image-61524\" title=\"funeral9602\" src=\"http:\/\/cartelesmix.es\/images\/CartelesF\/funeral9602-161x240.jpg\" alt=\"\" width=\"161\" height=\"240\" \/><\/a>\u00a0<a href=\"http:\/\/cartelesmix.es\/images\/CartelesF\/funeral9603.jpg\" target=\"_blank\"><img loading=\"lazy\" decoding=\"async\" class=\"alignnone size-medium wp-image-61522\" title=\"funeral9603\" src=\"http:\/\/cartelesmix.es\/images\/CartelesF\/funeral9603-161x240.jpg\" alt=\"\" width=\"161\" height=\"240\" \/><\/a><\/div>\n<\/div>\n","protected":false},"excerpt":{"rendered":"<p>G\u00e9nero:\u00a0Crimen,\u00a0Drama\u00a0\u00a0\u00a0 Pa\u00eds:\u00a0Estados Unidos Direcci\u00f3n: Abel Ferrara Interpretaci\u00f3n: Christopher Walken,\u00a0Benicio del Toro,\u00a0Vincent Gallo,\u00a0Chris Penn,\u00a0Isabella Rossellini,\u00a0Annabella Sciorra,\u00a0Amber Smith,\u00a0Gretchen Mol,\u00a0John Ventimiglia,\u00a0Victor Argo,\u00a0Edie Falco,\u00a0David Patrick Kelly,\u00a0Chuck Zito Sinopsis: La historia de la familia Tempio, un clan mafioso dirigido por tres ambiciosos hermanos. Toda la familia se re\u00fane para asistir al funeral de Johnny, el hermano menor, que se supone &hellip; <\/p>\n<p class=\"link-more\"><a href=\"https:\/\/cartelesmix.es\/cartelesdecine\/?p=7394\" class=\"more-link\">Continuar leyendo<span class=\"screen-reader-text\"> \u00abEl funeral (The Funeral ) (1996)\u00bb<\/span><\/a><\/p>\n","protected":false},"author":1,"featured_media":0,"comment_status":"closed","ping_status":"closed","sticky":false,"template":"","format":"standard","meta":{"footnotes":""},"categories":[2],"tags":[],"class_list":["post-7394","post","type-post","status-publish","format-standard","hentry","category-peliculas"],"_links":{"self":[{"href":"https:\/\/cartelesmix.es\/cartelesdecine\/index.php?rest_route=\/wp\/v2\/posts\/7394","targetHints":{"allow":["GET"]}}],"collection":[{"href":"https:\/\/cartelesmix.es\/cartelesdecine\/index.php?rest_route=\/wp\/v2\/posts"}],"about":[{"href":"https:\/\/cartelesmix.es\/cartelesdecine\/index.php?rest_route=\/wp\/v2\/types\/post"}],"author":[{"embeddable":true,"href":"https:\/\/cartelesmix.es\/cartelesdecine\/index.php?rest_route=\/wp\/v2\/users\/1"}],"replies":[{"embeddable":true,"href":"https:\/\/cartelesmix.es\/cartelesdecine\/index.php?rest_route=%2Fwp%2Fv2%2Fcomments&post=7394"}],"version-history":[{"count":1,"href":"https:\/\/cartelesmix.es\/cartelesdecine\/index.php?rest_route=\/wp\/v2\/posts\/7394\/revisions"}],"predecessor-version":[{"id":105148,"href":"https:\/\/cartelesmix.es\/cartelesdecine\/index.php?rest_route=\/wp\/v2\/posts\/7394\/revisions\/105148"}],"wp:attachment":[{"href":"https:\/\/cartelesmix.es\/cartelesdecine\/index.php?rest_route=%2Fwp%2Fv2%2Fmedia&parent=7394"}],"wp:term":[{"taxonomy":"category","embeddable":true,"href":"https:\/\/cartelesmix.es\/cartelesdecine\/index.php?rest_route=%2Fwp%2Fv2%2Fcategories&post=7394"},{"taxonomy":"post_tag","embeddable":true,"href":"https:\/\/cartelesmix.es\/cartelesdecine\/index.php?rest_route=%2Fwp%2Fv2%2Ftags&post=7394"}],"curies":[{"name":"wp","href":"https:\/\/api.w.org\/{rel}","templated":true}]}}