{"id":8622,"date":"2018-06-03T20:55:14","date_gmt":"2018-06-03T18:55:14","guid":{"rendered":"http:\/\/www.mixcarteles.com\/cartelesmix\/?p=8622"},"modified":"2018-06-04T10:00:19","modified_gmt":"2018-06-04T08:00:19","slug":"flame-and-citron-flammen-citronen-2008","status":"publish","type":"post","link":"https:\/\/cartelesmix.es\/cartelesdecine\/?p=8622","title":{"rendered":"Flame y Citron (Flammen &#038; Citronen) (2008)"},"content":{"rendered":"<p>Categor\u00eda: Drama. Thriller\u00a0\u00a0 Nacionalidad: Dinamarca.Alemania<br \/>\nDirector: Ole Christian Madsen<br \/>\nActores: Mads Mikkelsen, Christian Berkel, Rasmus Bjerg, David Bjergs\u00f8, Rasmus Botoft, Jesper Christensen, Flemming Enevold, Martin Greis, Martin Hall<br \/>\nArgumento: Narra la historia de dos h\u00e9roes de la resistencia danesa en Copenhague, tras la ocupaci\u00f3n alemana el 9 de abril de 1940.<\/p>\n<p>Gui\u00f3n: Ole Christian Madsen, Lars K. Andersen<br \/>\nFotograf\u00eda: J\u00f8rgen Johansson<\/p>\n<p><a href=\"http:\/\/cartelesmix.es\/cartelesdecine\/wp-content\/uploads\/2018\/06\/flameycitron08001.jpg\" target=\"_blank\" rel=\"noopener\"><img loading=\"lazy\" decoding=\"async\" class=\"alignnone wp-image-160862 size-medium\" src=\"http:\/\/cartelesmix.es\/cartelesdecine\/wp-content\/uploads\/2018\/06\/flameycitron08001-167x240.jpg\" alt=\"\" width=\"167\" height=\"240\" srcset=\"https:\/\/cartelesmix.es\/cartelesdecine\/wp-content\/uploads\/2018\/06\/flameycitron08001-167x240.jpg 167w, https:\/\/cartelesmix.es\/cartelesdecine\/wp-content\/uploads\/2018\/06\/flameycitron08001-768x1104.jpg 768w\" sizes=\"auto, (max-width: 167px) 100vw, 167px\" \/><\/a> <a href=\"http:\/\/cartelesmix.es\/cartelesdecine\/wp-content\/uploads\/2018\/06\/flameycitron08002.jpg\" target=\"_blank\" rel=\"noopener\"><img loading=\"lazy\" decoding=\"async\" class=\"alignnone wp-image-160863 size-medium\" src=\"http:\/\/cartelesmix.es\/cartelesdecine\/wp-content\/uploads\/2018\/06\/flameycitron08002-175x240.jpg\" alt=\"\" width=\"175\" height=\"240\" srcset=\"https:\/\/cartelesmix.es\/cartelesdecine\/wp-content\/uploads\/2018\/06\/flameycitron08002-175x240.jpg 175w, https:\/\/cartelesmix.es\/cartelesdecine\/wp-content\/uploads\/2018\/06\/flameycitron08002-768x1053.jpg 768w, https:\/\/cartelesmix.es\/cartelesdecine\/wp-content\/uploads\/2018\/06\/flameycitron08002.jpg 1094w\" sizes=\"auto, (max-width: 175px) 100vw, 175px\" \/><\/a> <a href=\"http:\/\/cartelesmix.es\/cartelesdecine\/wp-content\/uploads\/2018\/06\/flameycitron08003.jpg\" target=\"_blank\" rel=\"noopener\"><img loading=\"lazy\" decoding=\"async\" class=\"alignnone wp-image-160864 size-medium\" src=\"http:\/\/cartelesmix.es\/cartelesdecine\/wp-content\/uploads\/2018\/06\/flameycitron08003-175x240.jpg\" alt=\"\" width=\"175\" height=\"240\" srcset=\"https:\/\/cartelesmix.es\/cartelesdecine\/wp-content\/uploads\/2018\/06\/flameycitron08003-175x240.jpg 175w, https:\/\/cartelesmix.es\/cartelesdecine\/wp-content\/uploads\/2018\/06\/flameycitron08003-768x1053.jpg 768w\" sizes=\"auto, (max-width: 175px) 100vw, 175px\" \/><\/a> <a href=\"http:\/\/cartelesmix.es\/cartelesdecine\/wp-content\/uploads\/2018\/06\/flameycitron08004.jpg\" target=\"_blank\" rel=\"noopener\"><img loading=\"lazy\" decoding=\"async\" class=\"alignnone wp-image-160865 size-medium\" src=\"http:\/\/cartelesmix.es\/cartelesdecine\/wp-content\/uploads\/2018\/06\/flameycitron08004-168x240.jpg\" alt=\"\" width=\"168\" height=\"240\" srcset=\"https:\/\/cartelesmix.es\/cartelesdecine\/wp-content\/uploads\/2018\/06\/flameycitron08004-168x240.jpg 168w, https:\/\/cartelesmix.es\/cartelesdecine\/wp-content\/uploads\/2018\/06\/flameycitron08004-768x1097.jpg 768w\" sizes=\"auto, (max-width: 168px) 100vw, 168px\" \/><\/a> <a href=\"http:\/\/cartelesmix.es\/cartelesdecine\/wp-content\/uploads\/2018\/06\/flameycitron08005.jpg\" target=\"_blank\" rel=\"noopener\"><img loading=\"lazy\" decoding=\"async\" class=\"alignnone wp-image-160866 size-medium\" src=\"http:\/\/cartelesmix.es\/cartelesdecine\/wp-content\/uploads\/2018\/06\/flameycitron08005-166x240.jpg\" alt=\"\" width=\"166\" height=\"240\" srcset=\"https:\/\/cartelesmix.es\/cartelesdecine\/wp-content\/uploads\/2018\/06\/flameycitron08005-166x240.jpg 166w, https:\/\/cartelesmix.es\/cartelesdecine\/wp-content\/uploads\/2018\/06\/flameycitron08005-768x1112.jpg 768w, https:\/\/cartelesmix.es\/cartelesdecine\/wp-content\/uploads\/2018\/06\/flameycitron08005.jpg 1200w\" sizes=\"auto, (max-width: 166px) 100vw, 166px\" \/><\/a> <a href=\"http:\/\/cartelesmix.es\/cartelesdecine\/wp-content\/uploads\/2018\/06\/flameycitron08006.jpg\"><img loading=\"lazy\" decoding=\"async\" class=\"alignnone size-medium wp-image-160867\" src=\"http:\/\/cartelesmix.es\/cartelesdecine\/wp-content\/uploads\/2018\/06\/flameycitron08006-240x180.jpg\" alt=\"\" width=\"240\" height=\"180\" srcset=\"https:\/\/cartelesmix.es\/cartelesdecine\/wp-content\/uploads\/2018\/06\/flameycitron08006-240x180.jpg 240w, https:\/\/cartelesmix.es\/cartelesdecine\/wp-content\/uploads\/2018\/06\/flameycitron08006-768x575.jpg 768w, https:\/\/cartelesmix.es\/cartelesdecine\/wp-content\/uploads\/2018\/06\/flameycitron08006.jpg 1500w\" sizes=\"auto, (max-width: 240px) 100vw, 240px\" \/><\/a><\/p>\n","protected":false},"excerpt":{"rendered":"<p>Categor\u00eda: Drama. Thriller\u00a0\u00a0 Nacionalidad: Dinamarca.Alemania Director: Ole Christian Madsen Actores: Mads Mikkelsen, Christian Berkel, Rasmus Bjerg, David Bjergs\u00f8, Rasmus Botoft, Jesper Christensen, Flemming Enevold, Martin Greis, Martin Hall Argumento: Narra la historia de dos h\u00e9roes de la resistencia danesa en Copenhague, tras la ocupaci\u00f3n alemana el 9 de abril de 1940. Gui\u00f3n: Ole Christian Madsen, &hellip; <\/p>\n<p class=\"link-more\"><a href=\"https:\/\/cartelesmix.es\/cartelesdecine\/?p=8622\" class=\"more-link\">Continuar leyendo<span class=\"screen-reader-text\"> \u00abFlame y Citron (Flammen &#038; Citronen) (2008)\u00bb<\/span><\/a><\/p>\n","protected":false},"author":1,"featured_media":0,"comment_status":"closed","ping_status":"closed","sticky":false,"template":"","format":"standard","meta":{"footnotes":""},"categories":[2],"tags":[],"class_list":["post-8622","post","type-post","status-publish","format-standard","hentry","category-peliculas"],"_links":{"self":[{"href":"https:\/\/cartelesmix.es\/cartelesdecine\/index.php?rest_route=\/wp\/v2\/posts\/8622","targetHints":{"allow":["GET"]}}],"collection":[{"href":"https:\/\/cartelesmix.es\/cartelesdecine\/index.php?rest_route=\/wp\/v2\/posts"}],"about":[{"href":"https:\/\/cartelesmix.es\/cartelesdecine\/index.php?rest_route=\/wp\/v2\/types\/post"}],"author":[{"embeddable":true,"href":"https:\/\/cartelesmix.es\/cartelesdecine\/index.php?rest_route=\/wp\/v2\/users\/1"}],"replies":[{"embeddable":true,"href":"https:\/\/cartelesmix.es\/cartelesdecine\/index.php?rest_route=%2Fwp%2Fv2%2Fcomments&post=8622"}],"version-history":[{"count":5,"href":"https:\/\/cartelesmix.es\/cartelesdecine\/index.php?rest_route=\/wp\/v2\/posts\/8622\/revisions"}],"predecessor-version":[{"id":160869,"href":"https:\/\/cartelesmix.es\/cartelesdecine\/index.php?rest_route=\/wp\/v2\/posts\/8622\/revisions\/160869"}],"wp:attachment":[{"href":"https:\/\/cartelesmix.es\/cartelesdecine\/index.php?rest_route=%2Fwp%2Fv2%2Fmedia&parent=8622"}],"wp:term":[{"taxonomy":"category","embeddable":true,"href":"https:\/\/cartelesmix.es\/cartelesdecine\/index.php?rest_route=%2Fwp%2Fv2%2Fcategories&post=8622"},{"taxonomy":"post_tag","embeddable":true,"href":"https:\/\/cartelesmix.es\/cartelesdecine\/index.php?rest_route=%2Fwp%2Fv2%2Ftags&post=8622"}],"curies":[{"name":"wp","href":"https:\/\/api.w.org\/{rel}","templated":true}]}}