{"id":927,"date":"2010-01-19T21:21:25","date_gmt":"2010-01-19T20:21:25","guid":{"rendered":"http:\/\/www.mixcarteles.com\/cartelesmix\/?p=927"},"modified":"2017-11-21T06:48:32","modified_gmt":"2017-11-21T06:48:32","slug":"ana-dice-si-ana-dice-si-1958","status":"publish","type":"post","link":"https:\/\/cartelesmix.es\/cartelesdecine\/?p=927","title":{"rendered":"Ana dice s\u00ed (Ana dice s\u00ed) (1958)"},"content":{"rendered":"<div><strong>G\u00e9nero: <\/strong>Comedia\u00a0 <strong>Pa\u00eds:<\/strong> Espa\u00f1a<\/div>\n<div>\n<div><strong>Direcci\u00f3n:<\/strong>\u00a0 Pedro Lazaga<\/div>\n<\/div>\n<div>\n<div><strong>Interpretaci\u00f3n:<\/strong>\u00a0 Fernando Fern\u00e1n G\u00f3mez, Anal\u00eda Gad\u00e9, Elisa Mont\u00e9s, Antonio Ozores, Laura Valenzuela, Luc\u00eda Prado, F\u00e9lix Fern\u00e1ndez, Xan das Bolas, Ena Sede\u00f1o, F\u00e9lix Briones, An\u00edbal Vela<\/div>\n<\/div>\n<div>\n<div><strong>Sinopsis:<\/strong>\u00a0 Juan no tiene un duro pero vive maravillosamente. Sus noches de juerga y de cabaret son famosas en los ambientes nocturnos de la ciudad.<br \/>\nJuan es el heredero de su anciano y riqu\u00edsimo t\u00edo don Patricio, y vive subvencionado por sus acreedores, a cuenta de la futura herencia. Pero Juan tiene su secreto, un secreto terrible. Hace tiempo que ha sido desheredado por su t\u00edo y s\u00f3lo \u00e9l lo sabe.<br \/>\nCuando llega un telegrama anunciando la muerte del t\u00edo, Juan regresa a la casa familiar en la Costa Brava. All\u00ed conoce a Ana, una mujer maravillosa, que es la actual heredera de la fortuna familiar.<\/div>\n<\/div>\n<hr \/>\n<div>\n<div><strong>Carteles:<\/strong><\/div>\n<div><strong><\/strong>\u00a0<\/div>\n<div><a href=\"http:\/\/cartelesmix.es\/images\/CartelesA\/anadicesi5801.jpg\" target=\"_blank\"><img loading=\"lazy\" decoding=\"async\" class=\"alignnone size-medium wp-image-43433\" title=\"anadicesi5801\" src=\"http:\/\/cartelesmix.es\/images\/CartelesA\/anadicesi5801-149x240.jpg\" alt=\"\" width=\"149\" height=\"240\" \/><\/a><\/div>\n<\/div>\n","protected":false},"excerpt":{"rendered":"<p>G\u00e9nero: Comedia\u00a0 Pa\u00eds: Espa\u00f1a Direcci\u00f3n:\u00a0 Pedro Lazaga Interpretaci\u00f3n:\u00a0 Fernando Fern\u00e1n G\u00f3mez, Anal\u00eda Gad\u00e9, Elisa Mont\u00e9s, Antonio Ozores, Laura Valenzuela, Luc\u00eda Prado, F\u00e9lix Fern\u00e1ndez, Xan das Bolas, Ena Sede\u00f1o, F\u00e9lix Briones, An\u00edbal Vela Sinopsis:\u00a0 Juan no tiene un duro pero vive maravillosamente. Sus noches de juerga y de cabaret son famosas en los ambientes nocturnos de &hellip; <\/p>\n<p class=\"link-more\"><a href=\"https:\/\/cartelesmix.es\/cartelesdecine\/?p=927\" class=\"more-link\">Continuar leyendo<span class=\"screen-reader-text\"> \u00abAna dice s\u00ed (Ana dice s\u00ed) (1958)\u00bb<\/span><\/a><\/p>\n","protected":false},"author":1,"featured_media":0,"comment_status":"closed","ping_status":"closed","sticky":false,"template":"","format":"standard","meta":{"footnotes":""},"categories":[2],"tags":[],"class_list":["post-927","post","type-post","status-publish","format-standard","hentry","category-peliculas"],"_links":{"self":[{"href":"https:\/\/cartelesmix.es\/cartelesdecine\/index.php?rest_route=\/wp\/v2\/posts\/927","targetHints":{"allow":["GET"]}}],"collection":[{"href":"https:\/\/cartelesmix.es\/cartelesdecine\/index.php?rest_route=\/wp\/v2\/posts"}],"about":[{"href":"https:\/\/cartelesmix.es\/cartelesdecine\/index.php?rest_route=\/wp\/v2\/types\/post"}],"author":[{"embeddable":true,"href":"https:\/\/cartelesmix.es\/cartelesdecine\/index.php?rest_route=\/wp\/v2\/users\/1"}],"replies":[{"embeddable":true,"href":"https:\/\/cartelesmix.es\/cartelesdecine\/index.php?rest_route=%2Fwp%2Fv2%2Fcomments&post=927"}],"version-history":[{"count":1,"href":"https:\/\/cartelesmix.es\/cartelesdecine\/index.php?rest_route=\/wp\/v2\/posts\/927\/revisions"}],"predecessor-version":[{"id":107358,"href":"https:\/\/cartelesmix.es\/cartelesdecine\/index.php?rest_route=\/wp\/v2\/posts\/927\/revisions\/107358"}],"wp:attachment":[{"href":"https:\/\/cartelesmix.es\/cartelesdecine\/index.php?rest_route=%2Fwp%2Fv2%2Fmedia&parent=927"}],"wp:term":[{"taxonomy":"category","embeddable":true,"href":"https:\/\/cartelesmix.es\/cartelesdecine\/index.php?rest_route=%2Fwp%2Fv2%2Fcategories&post=927"},{"taxonomy":"post_tag","embeddable":true,"href":"https:\/\/cartelesmix.es\/cartelesdecine\/index.php?rest_route=%2Fwp%2Fv2%2Ftags&post=927"}],"curies":[{"name":"wp","href":"https:\/\/api.w.org\/{rel}","templated":true}]}}