{"id":9433,"date":"2018-06-11T06:20:47","date_gmt":"2018-06-11T04:20:47","guid":{"rendered":"http:\/\/www.mixcarteles.com\/cartelesmix\/?p=9433"},"modified":"2018-06-12T08:35:24","modified_gmt":"2018-06-12T06:35:24","slug":"year-of-the-dog-year-of-the-dog-2007","status":"publish","type":"post","link":"https:\/\/cartelesmix.es\/cartelesdecine\/?p=9433","title":{"rendered":"El a\u00f1o del perro (Year of the Dog) (2007)"},"content":{"rendered":"<p>Pa\u00eds: Estados Unidos\u00a0\u00a0 \/\u00a0\u00a0 G\u00e9nero: Drama | Perros\/Lobos<br \/>\nDirecci\u00f3n: Mike White<br \/>\nGuion: Mike White<br \/>\nM\u00fasica: Christophe Beck<br \/>\nFotograf\u00eda: Tim Orr<br \/>\nReparto: Molly Shannon, Laura Dern, Regina King, Tom McCarthy, Josh Pais, John C. Reilly, Peter Sarsgaard<br \/>\nProductora: Paramount Vantage<br \/>\nWeb oficial: http:\/\/www.yearofthedogmovie.com<br \/>\nSinopsis: La vida de una secretaria (Molly Shannon) cambia de una forma inesperada cuando su perro muere.<br \/>\nPremios: 2007: Premios Independent Spirit: Nominada a Mejor gui\u00f3n<\/p>\n<p><a href=\"http:\/\/cartelesmix.es\/cartelesdecine\/wp-content\/uploads\/2018\/06\/anodelperro07001.jpg\" target=\"_blank\" rel=\"noopener\"><img loading=\"lazy\" decoding=\"async\" class=\"alignnone wp-image-163116 size-medium\" src=\"http:\/\/cartelesmix.es\/cartelesdecine\/wp-content\/uploads\/2018\/06\/anodelperro07001-167x240.jpg\" alt=\"\" width=\"167\" height=\"240\" srcset=\"https:\/\/cartelesmix.es\/cartelesdecine\/wp-content\/uploads\/2018\/06\/anodelperro07001-167x240.jpg 167w, https:\/\/cartelesmix.es\/cartelesdecine\/wp-content\/uploads\/2018\/06\/anodelperro07001-768x1101.jpg 768w\" sizes=\"auto, (max-width: 167px) 100vw, 167px\" \/><\/a> <a href=\"http:\/\/cartelesmix.es\/cartelesdecine\/wp-content\/uploads\/2018\/06\/anodelperro07002.jpg\" target=\"_blank\" rel=\"noopener\"><img loading=\"lazy\" decoding=\"async\" class=\"alignnone wp-image-163117 size-medium\" src=\"http:\/\/cartelesmix.es\/cartelesdecine\/wp-content\/uploads\/2018\/06\/anodelperro07002-168x240.jpg\" alt=\"\" width=\"168\" height=\"240\" srcset=\"https:\/\/cartelesmix.es\/cartelesdecine\/wp-content\/uploads\/2018\/06\/anodelperro07002-168x240.jpg 168w, https:\/\/cartelesmix.es\/cartelesdecine\/wp-content\/uploads\/2018\/06\/anodelperro07002-768x1097.jpg 768w, https:\/\/cartelesmix.es\/cartelesdecine\/wp-content\/uploads\/2018\/06\/anodelperro07002.jpg 840w\" sizes=\"auto, (max-width: 168px) 100vw, 168px\" \/><\/a><\/p>\n","protected":false},"excerpt":{"rendered":"<p>Pa\u00eds: Estados Unidos\u00a0\u00a0 \/\u00a0\u00a0 G\u00e9nero: Drama | Perros\/Lobos Direcci\u00f3n: Mike White Guion: Mike White M\u00fasica: Christophe Beck Fotograf\u00eda: Tim Orr Reparto: Molly Shannon, Laura Dern, Regina King, Tom McCarthy, Josh Pais, John C. Reilly, Peter Sarsgaard Productora: Paramount Vantage Web oficial: http:\/\/www.yearofthedogmovie.com Sinopsis: La vida de una secretaria (Molly Shannon) cambia de una forma inesperada &hellip; <\/p>\n<p class=\"link-more\"><a href=\"https:\/\/cartelesmix.es\/cartelesdecine\/?p=9433\" class=\"more-link\">Continuar leyendo<span class=\"screen-reader-text\"> \u00abEl a\u00f1o del perro (Year of the Dog) (2007)\u00bb<\/span><\/a><\/p>\n","protected":false},"author":1,"featured_media":0,"comment_status":"closed","ping_status":"closed","sticky":false,"template":"","format":"standard","meta":{"footnotes":""},"categories":[2],"tags":[],"class_list":["post-9433","post","type-post","status-publish","format-standard","hentry","category-peliculas"],"_links":{"self":[{"href":"https:\/\/cartelesmix.es\/cartelesdecine\/index.php?rest_route=\/wp\/v2\/posts\/9433","targetHints":{"allow":["GET"]}}],"collection":[{"href":"https:\/\/cartelesmix.es\/cartelesdecine\/index.php?rest_route=\/wp\/v2\/posts"}],"about":[{"href":"https:\/\/cartelesmix.es\/cartelesdecine\/index.php?rest_route=\/wp\/v2\/types\/post"}],"author":[{"embeddable":true,"href":"https:\/\/cartelesmix.es\/cartelesdecine\/index.php?rest_route=\/wp\/v2\/users\/1"}],"replies":[{"embeddable":true,"href":"https:\/\/cartelesmix.es\/cartelesdecine\/index.php?rest_route=%2Fwp%2Fv2%2Fcomments&post=9433"}],"version-history":[{"count":4,"href":"https:\/\/cartelesmix.es\/cartelesdecine\/index.php?rest_route=\/wp\/v2\/posts\/9433\/revisions"}],"predecessor-version":[{"id":163354,"href":"https:\/\/cartelesmix.es\/cartelesdecine\/index.php?rest_route=\/wp\/v2\/posts\/9433\/revisions\/163354"}],"wp:attachment":[{"href":"https:\/\/cartelesmix.es\/cartelesdecine\/index.php?rest_route=%2Fwp%2Fv2%2Fmedia&parent=9433"}],"wp:term":[{"taxonomy":"category","embeddable":true,"href":"https:\/\/cartelesmix.es\/cartelesdecine\/index.php?rest_route=%2Fwp%2Fv2%2Fcategories&post=9433"},{"taxonomy":"post_tag","embeddable":true,"href":"https:\/\/cartelesmix.es\/cartelesdecine\/index.php?rest_route=%2Fwp%2Fv2%2Ftags&post=9433"}],"curies":[{"name":"wp","href":"https:\/\/api.w.org\/{rel}","templated":true}]}}